{"id":123614,"date":"2024-08-23T08:34:17","date_gmt":"2024-08-23T11:34:17","guid":{"rendered":"https:\/\/cdnoticias.com\/?p=123614"},"modified":"2024-08-23T10:02:50","modified_gmt":"2024-08-23T13:02:50","slug":"se-realizo-la-primera-sesion-del-concejo-deliberante-estudiantil-2024","status":"publish","type":"post","link":"https:\/\/cdnoticias.com\/index.php\/2024\/08\/23\/se-realizo-la-primera-sesion-del-concejo-deliberante-estudiantil-2024\/","title":{"rendered":"Se realiz\u00f3 la primera sesi\u00f3n del Concejo Deliberante Estudiantil 2024"},"content":{"rendered":"\n<p>Aprobaron dos ordenanzas, un decreto y ocho resoluciones. Ingresar\u00e1n como proyectos formales al HCD en 2025 para su tratamiento en el cuerpo legislativo local.<\/p>\n\n\n\n<hr class=\"wp-block-separator has-alpha-channel-opacity\"\/>\n\n\n\n<p>Este jueves se realiz\u00f3 la<strong> primera sesi\u00f3n del Honorable Concejo Deliberante Estudiantil 2024. <\/strong>Los representantes de las distintas instituciones educativas de Olavarr\u00eda expresaron sus ideas para enriquecer los proyectos y debatieron en un \u00e1mbito democr\u00e1tico.<\/p>\n\n\n\n<p><\/p>\n\n\n\n<p>De acuerdo a la votaci\u00f3n realizada en la \u00faltima reuni\u00f3n de comisi\u00f3n,<strong> asumi\u00f3 la presidencia del HCDE Rocco David Paira del colegio Libertas y Uriel Bernal de la Secundaria N\u00b022 como secretario.<\/strong><\/p>\n\n\n\n<p><\/p>\n\n\n\n<blockquote class=\"wp-block-quote is-layout-flow wp-block-quote-is-layout-flow\">\n<p>Durante la jornada se aprobaron dos ordenanzas, un decreto y ocho resoluciones. En una segunda sesi\u00f3n a realizarse en octubre se tratar\u00e1n el resto de los proyectos.<\/p>\n<\/blockquote>\n\n\n\n<p><\/p>\n\n\n\n<p>Cabe recordar que <strong>los proyectos aprobados en el HCDE ingresar\u00e1n como proyectos formales al HCD en el per\u00edodo deliberativo 2025 para su tratamiento en el cuerpo legislativo local.<\/strong><\/p>\n\n\n\n<p><\/p>\n\n\n\n<figure class=\"wp-block-image size-full\"><img data-recalc-dims=\"1\" loading=\"lazy\" decoding=\"async\" width=\"800\" height=\"445\" src=\"https:\/\/i0.wp.com\/cdnoticias.com\/wp-content\/uploads\/2024\/08\/hcd-estudiantil-04.jpg?resize=800%2C445&#038;ssl=1\" alt=\"\" class=\"wp-image-123615\" srcset=\"https:\/\/i0.wp.com\/cdnoticias.com\/wp-content\/uploads\/2024\/08\/hcd-estudiantil-04.jpg?w=800&amp;ssl=1 800w, https:\/\/i0.wp.com\/cdnoticias.com\/wp-content\/uploads\/2024\/08\/hcd-estudiantil-04.jpg?resize=300%2C167&amp;ssl=1 300w, https:\/\/i0.wp.com\/cdnoticias.com\/wp-content\/uploads\/2024\/08\/hcd-estudiantil-04.jpg?resize=768%2C427&amp;ssl=1 768w\" sizes=\"auto, (max-width: 800px) 100vw, 800px\" \/><\/figure>\n\n\n\n<p><\/p>\n\n\n\n<p>Los concejales estudiantiles fueron elegidos por sus compa\u00f1eros en el marco de una <strong>participaci\u00f3n r\u00e9cord de m\u00e1s de 40 instituciones educativas olavarrienses <\/strong>de todas las modalidades. Adem\u00e1s,<strong> por primera vez participaron de este espacio escuelas de educaci\u00f3n especial y tambi\u00e9n de adultos.<\/strong><\/p>\n\n\n\n<p><\/p>\n\n\n\n<p>Durante la sesi\u00f3n, los concejales estudiantiles mostraron un gran inter\u00e9s por participar del debate y expresaron sus ideas para enriquecer los proyectos a trav\u00e9s de distintas mociones que fueron puestas a consideraci\u00f3n de todos.<\/p>\n\n\n\n<p><\/p>\n\n\n\n<figure class=\"wp-block-image size-full\"><img data-recalc-dims=\"1\" loading=\"lazy\" decoding=\"async\" width=\"800\" height=\"445\" src=\"https:\/\/i0.wp.com\/cdnoticias.com\/wp-content\/uploads\/2024\/08\/hcd-estudiantil-03.jpg?resize=800%2C445&#038;ssl=1\" alt=\"\" class=\"wp-image-123616\" srcset=\"https:\/\/i0.wp.com\/cdnoticias.com\/wp-content\/uploads\/2024\/08\/hcd-estudiantil-03.jpg?w=800&amp;ssl=1 800w, https:\/\/i0.wp.com\/cdnoticias.com\/wp-content\/uploads\/2024\/08\/hcd-estudiantil-03.jpg?resize=300%2C167&amp;ssl=1 300w, https:\/\/i0.wp.com\/cdnoticias.com\/wp-content\/uploads\/2024\/08\/hcd-estudiantil-03.jpg?resize=768%2C427&amp;ssl=1 768w\" sizes=\"auto, (max-width: 800px) 100vw, 800px\" \/><\/figure>\n\n\n\n<p><\/p>\n\n\n\n<p><strong>Los proyectos aprobados fueron:<\/strong><\/p>\n\n\n\n<p><strong>Escuela Secundaria N\u00b017: <\/strong>Resoluci\u00f3n solicitando la creaci\u00f3n de un polideportivo municipal en Sierra Chica.<\/p>\n\n\n\n<p><strong><br>Escuela Secundaria N\u00b04: <\/strong>Resoluci\u00f3n solicitando gestiones para la instalaci\u00f3n de una barrera de paso nivel en Hinojo<\/p>\n\n\n\n<p><strong><br>Centro de Adaptaci\u00f3n Laboral Mar\u00eda Teresa Calcuta:<\/strong> resoluci\u00f3n solucionando el demarcado de sendas peatonales y construcci\u00f3n de rampas en Loma Negra.<\/p>\n\n\n\n<p><br><strong>Instituto Privado de Sierras Bayas: <\/strong>ordenanza solicitando la imposici\u00f3n del nombre Olga Zito al Museo de Sierras Bayas.<\/p>\n\n\n\n<p><br><strong>Escuela Secundaria N\u00b03:<\/strong> Resoluci\u00f3n solicitando la reparaci\u00f3n de determinadas calles de Loma Negra.<\/p>\n\n\n\n<p><br><strong>Colegio Santa Teresa: <\/strong>Resoluci\u00f3n solicitando la creaci\u00f3n de puntos ecol\u00f3gicos en espacios determinados.<\/p>\n\n\n\n<p><br><strong>Escuela Secundaria N\u00b022:<\/strong> Resoluci\u00f3n solicitando la creaci\u00f3n del festival &#8220;Ra\u00edces Juveniles Fest&#8221;.<\/p>\n\n\n\n<p><strong><br>Escuela Secundaria N\u00b019: <\/strong>Ordenanza creando el programa municipal de acceso al transporte para escuelas rurales.<\/p>\n\n\n\n<p><br><strong>Escuela Secundaria N\u00b08: <\/strong>Decreto para la creaci\u00f3n del programa &#8220;Tu voz en el Concejo Deliberante Estudiantil&#8221;.<\/p>\n\n\n\n<p><strong><br>Escuela Secundaria N\u00b014: <\/strong>Resoluci\u00f3n solicitando la creaci\u00f3n de un espacio para educaci\u00f3n f\u00edsica.<\/p>\n\n\n\n<p><br><strong>CORIM:<\/strong> Resoluci\u00f3n solicitando la construcci\u00f3n de rampas y demarcaci\u00f3n de sendas peatonales en inmediaciones de la instituci\u00f3n.<\/p>\n\n\n\n<p><br><strong>Escuela Secundaria N\u00b021: <\/strong>Resoluci\u00f3n solicitando la colocaci\u00f3n de contenedores para recolectar tapitas para el Hospital Garrahan.<\/p>\n\n\n\n<p><\/p>\n\n\n\n<p><strong>Listado de concejales estudiantiles 2024:<\/strong><\/p>\n\n\n\n<p><\/p>\n\n\n\n<p>Luca Alfonzo (EES N\u00b01), Lujar Su\u00e1rez Laure (EES N\u00b02), Adaluz de Fortuna (EES N\u00b03), M\u00eda Perfetto (EES N\u00b04), Aldana L\u00f3pez (EES N\u00b06), Morena Goyeneche (EES N\u00b07), Josefina Rodr\u00edguez (EES N\u00b0 8), Valentina Batista (EES N\u00b010), Pablo Cervino (EES N\u00b012), Diego Escudero (EES N\u00b014); Cielo Garc\u00eda (EES N\u00b015), Santiago Moya (EES N|16); Elizabeth Pazos (EES N\u00b017), Gonzalo Figueroa (EES N\u00b018); Santino Quiroga Casco (EES N\u00b019), Natanael Huber (EES N\u00b020); M\u00eda Roc\u00edo Urbina (EES N\u00b021); Thiara Miguez (EES N\u00b022), Bruno P\u00e9rez (EES N\u00b023 Santa Luisa), Melani Ottaviano (Agraria N\u00b01), Luna Zapata (T\u00e9cnica N\u00b01), Eros Bellinzoni (T\u00e9nica N\u00b02), Rodrigo Araya (CENS N\u00b0451), Marcos Galotti (CENS N\u00b0453), Luna Lautaro (CFI N\u00b01).<\/p>\n\n\n\n<p><\/p>\n\n\n\n<p>Tambi\u00e9n, Micaela Duarte (Esquiu), Charo Aguilar (ENAPE), \u00c9rica Gayoso (Centro de Adaptaci\u00f3n Laboral Mar\u00eda Teresa de Calcuta), Carolina Priola (Instituto Privado Sierras Bayas), Clementina Tornabene Alonso (Nuevas Lenguas), Martina Frssacaro (ECEA), Thiago Bravo (Mariano Moreno), Ignacio Oterm\u00edn (San Antonio), Bianca Olivieri (Rosario), Marcos Passardi (Santa Teresa), Delfina Galli (F\u00e1tima), Rocco David Milito Paira (Libertas); Brisa Baroni (CPT N\u00b08 Espigas) y Miguel \u00c1ngel Rastelli (CORIM).<\/p>\n","protected":false},"excerpt":{"rendered":"<p>Aprobaron dos ordenanzas, un decreto y ocho resoluciones. Ingresar\u00e1n como proyectos formales al HCD en 2025 para su tratamiento en<\/p>\n","protected":false},"author":2,"featured_media":123618,"comment_status":"closed","ping_status":"closed","sticky":false,"template":"","format":"standard","meta":{"_jetpack_memberships_contains_paid_content":false,"footnotes":""},"categories":[5,1],"tags":[],"class_list":["post-123614","post","type-post","status-publish","format-standard","has-post-thumbnail","hentry","category-informacion-general","category-portada"],"jetpack_featured_media_url":"https:\/\/i0.wp.com\/cdnoticias.com\/wp-content\/uploads\/2024\/08\/hcd-estudiantil-01.jpg?fit=800%2C445&ssl=1","jetpack_sharing_enabled":true,"_links":{"self":[{"href":"https:\/\/cdnoticias.com\/index.php\/wp-json\/wp\/v2\/posts\/123614","targetHints":{"allow":["GET"]}}],"collection":[{"href":"https:\/\/cdnoticias.com\/index.php\/wp-json\/wp\/v2\/posts"}],"about":[{"href":"https:\/\/cdnoticias.com\/index.php\/wp-json\/wp\/v2\/types\/post"}],"author":[{"embeddable":true,"href":"https:\/\/cdnoticias.com\/index.php\/wp-json\/wp\/v2\/users\/2"}],"replies":[{"embeddable":true,"href":"https:\/\/cdnoticias.com\/index.php\/wp-json\/wp\/v2\/comments?post=123614"}],"version-history":[{"count":0,"href":"https:\/\/cdnoticias.com\/index.php\/wp-json\/wp\/v2\/posts\/123614\/revisions"}],"wp:featuredmedia":[{"embeddable":true,"href":"https:\/\/cdnoticias.com\/index.php\/wp-json\/wp\/v2\/media\/123618"}],"wp:attachment":[{"href":"https:\/\/cdnoticias.com\/index.php\/wp-json\/wp\/v2\/media?parent=123614"}],"wp:term":[{"taxonomy":"category","embeddable":true,"href":"https:\/\/cdnoticias.com\/index.php\/wp-json\/wp\/v2\/categories?post=123614"},{"taxonomy":"post_tag","embeddable":true,"href":"https:\/\/cdnoticias.com\/index.php\/wp-json\/wp\/v2\/tags?post=123614"}],"curies":[{"name":"wp","href":"https:\/\/api.w.org\/{rel}","templated":true}]}}