{"id":123600,"date":"2024-08-23T13:10:52","date_gmt":"2024-08-23T16:10:52","guid":{"rendered":"https:\/\/cdnoticias.com\/?p=123600"},"modified":"2024-08-23T13:10:54","modified_gmt":"2024-08-23T16:10:54","slug":"reunion-de-productores-rurales-con-autoridades-del-ministerio-de-seguridad-de-la-provincia","status":"publish","type":"post","link":"https:\/\/cdnoticias.com\/index.php\/2024\/08\/23\/reunion-de-productores-rurales-con-autoridades-del-ministerio-de-seguridad-de-la-provincia\/","title":{"rendered":"Reuni\u00f3n de productores rurales con autoridades del Ministerio de Seguridad de la Provincia"},"content":{"rendered":"\n<p>Fue luego de la inauguraci\u00f3n de la base UTOI. Se expusieron diversas l\u00edneas de acci\u00f3n conjuntas en materia de prevenci\u00f3n rural apuntadas a la incorporaci\u00f3n de efectivos policiales en las dependencias de las localidades y mejoramiento de m\u00f3viles.<\/p>\n\n\n\n<hr class=\"wp-block-separator aligncenter has-alpha-channel-opacity\"\/>\n\n\n\n<p>En la tarde de este mi\u00e9rcoles, <strong>luego de la <a href=\"https:\/\/cdnoticias.com\/index.php\/2024\/08\/21\/entre-reuniones-y-un-encendido-acto-kicillof-inauguro-la-base-utoi-en-olavarria\/\" data-type=\"post\" data-id=\"123487\">inauguraci\u00f3n de la base UTOI<\/a>,<\/strong> tuvo lugar un encuentro entre autoridades ministeriales del \u00e1rea de seguridad, funcionarios del Poder Judicial, la Subsecretaria de Protecci\u00f3n Ciudadana del Municipio de Olavarr\u00eda y <strong>productores rurales del Partido.<\/strong><\/p>\n\n\n\n<p><\/p>\n\n\n\n<p>En el encuentro se expusieron diversas l\u00edneas de acci\u00f3n conjuntas en <strong>materia de prevenci\u00f3n rural <\/strong>apuntadas a la <strong>incorporaci\u00f3n de efectivos policiales en las dependencias de las localidades y mejoramiento de m\u00f3viles.<\/strong><\/p>\n\n\n\n<p><\/p>\n\n\n\n<p>En ese sentido, representantes de la Sociedad Rural de Olavarr\u00eda y de la asociaci\u00f3n de Productores Autoconvocados mantuvieron una reuni\u00f3n con el Director de Articulaci\u00f3n Institucional del Ministerio de Seguridad de la Provincia, Adri\u00e1n Pereira; y el Subsecretario de Protecci\u00f3n Ciudadana de Olavarr\u00eda, El\u00edas Quintas.<\/p>\n\n\n\n<p><\/p>\n\n\n\n<figure class=\"wp-block-image aligncenter size-full\"><img data-recalc-dims=\"1\" loading=\"lazy\" decoding=\"async\" width=\"800\" height=\"407\" src=\"https:\/\/i0.wp.com\/cdnoticias.com\/wp-content\/uploads\/2024\/08\/reunion-seguridad-rural-prov1.png?resize=800%2C407&#038;ssl=1\" alt=\"\" class=\"wp-image-123603\" srcset=\"https:\/\/i0.wp.com\/cdnoticias.com\/wp-content\/uploads\/2024\/08\/reunion-seguridad-rural-prov1.png?w=894&amp;ssl=1 894w, https:\/\/i0.wp.com\/cdnoticias.com\/wp-content\/uploads\/2024\/08\/reunion-seguridad-rural-prov1.png?resize=300%2C153&amp;ssl=1 300w, https:\/\/i0.wp.com\/cdnoticias.com\/wp-content\/uploads\/2024\/08\/reunion-seguridad-rural-prov1.png?resize=768%2C391&amp;ssl=1 768w\" sizes=\"auto, (max-width: 800px) 100vw, 800px\" \/><\/figure>\n\n\n\n<p><\/p>\n\n\n\n<p>Del encuentro tambi\u00e9n participaron el titular de la Fiscal\u00eda General del Departamento de Azul, Marcelo Sobrino; el ayudante fiscal en delitos rurales y conexos, Juan Ma\u00f1ero; el titular de la Ayudant\u00eda Fiscal de Olavarr\u00eda, Jos\u00e9 Iturralde; el jefe de la Departamental policial, Comisario inspector Leandro Scabuzzo; y el Coordinador del Comando de Patrulla Rural, Comisario Inspector Mario Andr\u00e9s Dore.<\/p>\n\n\n\n<p><\/p>\n\n\n\n<p>Durante la reuni\u00f3n se abordaron <strong>cuestiones vinculadas a la seguridad rural en el Partido de Olavarr\u00eda y la regi\u00f3n<\/strong>, con especial atenci\u00f3n en las zonas rurales de todo el partido.<\/p>\n\n\n\n<p><\/p>\n\n\n\n<p>Adem\u00e1s, <strong>se estableci\u00f3 una agenda de trabajo <\/strong>entre Municipio, la Provincia, el Consejo de Seguridad de Olavarr\u00eda y funcionarios judiciales en la que se viene avanzando y se continuar\u00e1 de manera peri\u00f3dica durante el a\u00f1o.<\/p>\n\n\n\n<p><\/p>\n","protected":false},"excerpt":{"rendered":"<p>Fue luego de la inauguraci\u00f3n de la base UTOI. Se expusieron diversas l\u00edneas de acci\u00f3n conjuntas en materia de prevenci\u00f3n<\/p>\n","protected":false},"author":6,"featured_media":123602,"comment_status":"closed","ping_status":"closed","sticky":false,"template":"","format":"standard","meta":{"_jetpack_memberships_contains_paid_content":false,"footnotes":""},"categories":[5,1],"tags":[],"class_list":["post-123600","post","type-post","status-publish","format-standard","has-post-thumbnail","hentry","category-informacion-general","category-portada"],"jetpack_featured_media_url":"https:\/\/i0.wp.com\/cdnoticias.com\/wp-content\/uploads\/2024\/08\/reunion-seguridad-rural-prov.png?fit=878%2C451&ssl=1","jetpack_sharing_enabled":true,"_links":{"self":[{"href":"https:\/\/cdnoticias.com\/index.php\/wp-json\/wp\/v2\/posts\/123600","targetHints":{"allow":["GET"]}}],"collection":[{"href":"https:\/\/cdnoticias.com\/index.php\/wp-json\/wp\/v2\/posts"}],"about":[{"href":"https:\/\/cdnoticias.com\/index.php\/wp-json\/wp\/v2\/types\/post"}],"author":[{"embeddable":true,"href":"https:\/\/cdnoticias.com\/index.php\/wp-json\/wp\/v2\/users\/6"}],"replies":[{"embeddable":true,"href":"https:\/\/cdnoticias.com\/index.php\/wp-json\/wp\/v2\/comments?post=123600"}],"version-history":[{"count":0,"href":"https:\/\/cdnoticias.com\/index.php\/wp-json\/wp\/v2\/posts\/123600\/revisions"}],"wp:featuredmedia":[{"embeddable":true,"href":"https:\/\/cdnoticias.com\/index.php\/wp-json\/wp\/v2\/media\/123602"}],"wp:attachment":[{"href":"https:\/\/cdnoticias.com\/index.php\/wp-json\/wp\/v2\/media?parent=123600"}],"wp:term":[{"taxonomy":"category","embeddable":true,"href":"https:\/\/cdnoticias.com\/index.php\/wp-json\/wp\/v2\/categories?post=123600"},{"taxonomy":"post_tag","embeddable":true,"href":"https:\/\/cdnoticias.com\/index.php\/wp-json\/wp\/v2\/tags?post=123600"}],"curies":[{"name":"wp","href":"https:\/\/api.w.org\/{rel}","templated":true}]}}