{"id":123580,"date":"2024-08-22T19:30:07","date_gmt":"2024-08-22T22:30:07","guid":{"rendered":"https:\/\/cdnoticias.com\/?p=123580"},"modified":"2024-08-22T22:26:01","modified_gmt":"2024-08-23T01:26:01","slug":"martin-endere-se-reunio-con-autoridades-de-la-union-industrial-de-la-provincia","status":"publish","type":"post","link":"https:\/\/cdnoticias.com\/index.php\/2024\/08\/22\/martin-endere-se-reunio-con-autoridades-de-la-union-industrial-de-la-provincia\/","title":{"rendered":"Mart\u00edn Endere se reuni\u00f3 con autoridades de la Uni\u00f3n Industrial de la Provincia"},"content":{"rendered":"\n<p>El diputado provincial les inform\u00f3 a los industriales que est\u00e1 trabajando en dos proyectos de ley que pongan fin a las trabas burocr\u00e1ticas que existen actualmente en la Provincia.<\/p>\n\n\n\n<hr class=\"wp-block-separator aligncenter has-alpha-channel-opacity\"\/>\n\n\n\n<p>El <strong>diputado provincial del PRO Mart\u00edn Endere<\/strong> se reuni\u00f3 este martes en la Ciudad Aut\u00f3noma de Buenos Aires <strong>con las autoridades de la Uni\u00f3n Industrial de la provincia de Buenos Aires <\/strong>(UIPBA).<\/p>\n\n\n\n<p><\/p>\n\n\n\n<p>Endere, que estuvo acompa\u00f1ado por el Secretario Legislativo del bloque PRO Gast\u00f3n Corti, <strong>les inform\u00f3 a los industriales que est\u00e1 trabajando en dos proyectos de ley que pongan fin a las trabas burocr\u00e1ticas que existen actualmente en la Provincia.<\/strong><\/p>\n\n\n\n<p><\/p>\n\n\n\n<figure class=\"wp-block-image aligncenter size-full\"><img data-recalc-dims=\"1\" loading=\"lazy\" decoding=\"async\" width=\"800\" height=\"444\" src=\"https:\/\/i0.wp.com\/cdnoticias.com\/wp-content\/uploads\/2024\/08\/endere-union-industiral.png?resize=800%2C444&#038;ssl=1\" alt=\"\" class=\"wp-image-123582\" srcset=\"https:\/\/i0.wp.com\/cdnoticias.com\/wp-content\/uploads\/2024\/08\/endere-union-industiral.png?w=891&amp;ssl=1 891w, https:\/\/i0.wp.com\/cdnoticias.com\/wp-content\/uploads\/2024\/08\/endere-union-industiral.png?resize=300%2C167&amp;ssl=1 300w, https:\/\/i0.wp.com\/cdnoticias.com\/wp-content\/uploads\/2024\/08\/endere-union-industiral.png?resize=768%2C427&amp;ssl=1 768w, https:\/\/i0.wp.com\/cdnoticias.com\/wp-content\/uploads\/2024\/08\/endere-union-industiral.png?resize=800%2C445&amp;ssl=1 800w\" sizes=\"auto, (max-width: 800px) 100vw, 800px\" \/><\/figure>\n\n\n\n<p><\/p>\n\n\n\n<blockquote class=\"wp-block-quote is-layout-flow wp-block-quote-is-layout-flow\">\n<p>Por su parte, el presidente de UIPBA Mart\u00edn Rapallini y representantes de la instituci\u00f3n explicaron que \u201cfaltan pol\u00edticas p\u00fablicas orientadas a la producci\u00f3n. Llevamos a\u00f1os de deterioro en el sector productivo\u201d.<\/p>\n<\/blockquote>\n\n\n\n<p><\/p>\n\n\n\n<p>En este sentido, Mart\u00edn Endere, que preside la comisi\u00f3n de Industria y Miner\u00eda en la C\u00e1mara de Diputados de la provincia de Buenos Aires, dijo que <strong>\u201cla Comisi\u00f3n est\u00e1 disponible para acercar inquietudes y proyectos que puedan resolver los problemas del sector\u201d.<\/strong><\/p>\n\n\n\n<p><\/p>\n\n\n\n<p>Finalmente, tanto Endere como los representantes de UIPBA coincidieron en que \u201c<em>los consensos no deben realizarse s\u00f3lo entre la clase pol\u00edtica, sino que se debe articular permanentemente con el sector privado\u201d.<\/em><\/p>\n","protected":false},"excerpt":{"rendered":"<p>El diputado provincial les inform\u00f3 a los industriales que est\u00e1 trabajando en dos proyectos de ley que pongan fin a<\/p>\n","protected":false},"author":6,"featured_media":123583,"comment_status":"closed","ping_status":"closed","sticky":false,"template":"","format":"standard","meta":{"_jetpack_memberships_contains_paid_content":false,"footnotes":""},"categories":[4,1],"tags":[],"class_list":["post-123580","post","type-post","status-publish","format-standard","has-post-thumbnail","hentry","category-politica","category-portada"],"jetpack_featured_media_url":"https:\/\/i0.wp.com\/cdnoticias.com\/wp-content\/uploads\/2024\/08\/endere-union-industiral1.png?fit=875%2C456&ssl=1","jetpack_sharing_enabled":true,"_links":{"self":[{"href":"https:\/\/cdnoticias.com\/index.php\/wp-json\/wp\/v2\/posts\/123580","targetHints":{"allow":["GET"]}}],"collection":[{"href":"https:\/\/cdnoticias.com\/index.php\/wp-json\/wp\/v2\/posts"}],"about":[{"href":"https:\/\/cdnoticias.com\/index.php\/wp-json\/wp\/v2\/types\/post"}],"author":[{"embeddable":true,"href":"https:\/\/cdnoticias.com\/index.php\/wp-json\/wp\/v2\/users\/6"}],"replies":[{"embeddable":true,"href":"https:\/\/cdnoticias.com\/index.php\/wp-json\/wp\/v2\/comments?post=123580"}],"version-history":[{"count":0,"href":"https:\/\/cdnoticias.com\/index.php\/wp-json\/wp\/v2\/posts\/123580\/revisions"}],"wp:featuredmedia":[{"embeddable":true,"href":"https:\/\/cdnoticias.com\/index.php\/wp-json\/wp\/v2\/media\/123583"}],"wp:attachment":[{"href":"https:\/\/cdnoticias.com\/index.php\/wp-json\/wp\/v2\/media?parent=123580"}],"wp:term":[{"taxonomy":"category","embeddable":true,"href":"https:\/\/cdnoticias.com\/index.php\/wp-json\/wp\/v2\/categories?post=123580"},{"taxonomy":"post_tag","embeddable":true,"href":"https:\/\/cdnoticias.com\/index.php\/wp-json\/wp\/v2\/tags?post=123580"}],"curies":[{"name":"wp","href":"https:\/\/api.w.org\/{rel}","templated":true}]}}