{"id":123572,"date":"2024-08-22T19:00:40","date_gmt":"2024-08-22T22:00:40","guid":{"rendered":"https:\/\/cdnoticias.com\/?p=123572"},"modified":"2024-08-22T19:00:42","modified_gmt":"2024-08-22T22:00:42","slug":"la-ucr-exige-informacion-sobre-la-obra-anunciada-en-el-ex-matadero-municipal","status":"publish","type":"post","link":"https:\/\/cdnoticias.com\/index.php\/2024\/08\/22\/la-ucr-exige-informacion-sobre-la-obra-anunciada-en-el-ex-matadero-municipal\/","title":{"rendered":"La UCR exige informaci\u00f3n sobre la obra anunciada en el ex Matadero Municipal"},"content":{"rendered":"\n<p>Lo hizo a trav\u00e9s de un Pedido de Informe que fue aprobado en la ma\u00f1ana de este jueves durante la 11\u00b0 Sesi\u00f3n Ordinaria del HCD.<\/p>\n\n\n\n<hr class=\"wp-block-separator aligncenter has-alpha-channel-opacity\"\/>\n\n\n\n<p>El <strong>bloque de concejales de la Uni\u00f3n C\u00edvica Radical<\/strong> <strong>exige al Departamento Ejecutivo informaci\u00f3n acerca de la construcci\u00f3n de un Centro Educativo y Deportivo<\/strong> en las instalaciones del ex Matadero Municipal.<\/p>\n\n\n\n<p><\/p>\n\n\n\n<p>A trav\u00e9s de un Pedido de Informe que fue aprobado en la ma\u00f1ana de este jueves durante la 11\u00b0 Sesi\u00f3n Ordinaria del Honorable Concejo Deliberante, los ediles <strong>Sebasti\u00e1n Matrella y Francisco Gonz\u00e1lez<\/strong> solicitaron datos acerca de la decisi\u00f3n de convertir el predio en un espacio que ser\u00e1 utilizado por ni\u00f1os y adolescentes.<\/p>\n\n\n\n<p><\/p>\n\n\n\n<p>La propuesta, impulsada desde la UCR, pide detalles sobre <strong>si se ha realizado los estudios necesarios de impacto ambiental sobre la zona<\/strong>, y si es as\u00ed qu\u00e9 resultados se obtuvieron.<\/p>\n\n\n\n<p><\/p>\n\n\n\n<blockquote class=\"wp-block-quote is-layout-flow wp-block-quote-is-layout-flow\">\n<p>Tambi\u00e9n solicitan respuestas acerca de si el proyecto actual cumple con la Ordenanza que establece los usos permitidos y limitaciones en la zona y si se han considerado otras ubicaciones que no presenten los mismos riesgos sanitarios y ambientales.<\/p>\n<\/blockquote>\n\n\n\n<p><\/p>\n\n\n\n<p>En este sentido, Matrella se\u00f1al\u00f3 que <em>\u201cel Pedido de Informe surge al enterarnos que el Ejecutivo, por medio de una licitaci\u00f3n p\u00fablica, proyecta un Centro Educativo y Deportivo en las tierras del ex Matadero Municipal\u201d<\/em><\/p>\n\n\n\n<p><\/p>\n\n\n\n<p>\u201cVemos un impedimento para esto en una Ordenanza que establece que esas zonas s\u00f3lo pueden usarse como planta de tratamiento cloacales y efluentes. Por eso presentamos esta iniciativa, con el objetivo de saber si esto se tuvo en cuenta como as\u00ed tambi\u00e9n la remediaci\u00f3n ambiental del predio\u201d cerr\u00f3 el edil.<\/p>\n\n\n\n<p><\/p>\n","protected":false},"excerpt":{"rendered":"<p>Lo hizo a trav\u00e9s de un Pedido de Informe que fue aprobado en la ma\u00f1ana de este jueves durante la<\/p>\n","protected":false},"author":6,"featured_media":123574,"comment_status":"closed","ping_status":"closed","sticky":false,"template":"","format":"standard","meta":{"_jetpack_memberships_contains_paid_content":false,"footnotes":""},"categories":[4,1],"tags":[],"class_list":["post-123572","post","type-post","status-publish","format-standard","has-post-thumbnail","hentry","category-politica","category-portada"],"jetpack_featured_media_url":"https:\/\/i0.wp.com\/cdnoticias.com\/wp-content\/uploads\/2024\/08\/ucr-sesion-.png?fit=888%2C501&ssl=1","jetpack_sharing_enabled":true,"_links":{"self":[{"href":"https:\/\/cdnoticias.com\/index.php\/wp-json\/wp\/v2\/posts\/123572","targetHints":{"allow":["GET"]}}],"collection":[{"href":"https:\/\/cdnoticias.com\/index.php\/wp-json\/wp\/v2\/posts"}],"about":[{"href":"https:\/\/cdnoticias.com\/index.php\/wp-json\/wp\/v2\/types\/post"}],"author":[{"embeddable":true,"href":"https:\/\/cdnoticias.com\/index.php\/wp-json\/wp\/v2\/users\/6"}],"replies":[{"embeddable":true,"href":"https:\/\/cdnoticias.com\/index.php\/wp-json\/wp\/v2\/comments?post=123572"}],"version-history":[{"count":0,"href":"https:\/\/cdnoticias.com\/index.php\/wp-json\/wp\/v2\/posts\/123572\/revisions"}],"wp:featuredmedia":[{"embeddable":true,"href":"https:\/\/cdnoticias.com\/index.php\/wp-json\/wp\/v2\/media\/123574"}],"wp:attachment":[{"href":"https:\/\/cdnoticias.com\/index.php\/wp-json\/wp\/v2\/media?parent=123572"}],"wp:term":[{"taxonomy":"category","embeddable":true,"href":"https:\/\/cdnoticias.com\/index.php\/wp-json\/wp\/v2\/categories?post=123572"},{"taxonomy":"post_tag","embeddable":true,"href":"https:\/\/cdnoticias.com\/index.php\/wp-json\/wp\/v2\/tags?post=123572"}],"curies":[{"name":"wp","href":"https:\/\/api.w.org\/{rel}","templated":true}]}}