{"id":123541,"date":"2024-08-22T20:40:49","date_gmt":"2024-08-22T23:40:49","guid":{"rendered":"https:\/\/cdnoticias.com\/?p=123541"},"modified":"2024-08-23T08:34:32","modified_gmt":"2024-08-23T11:34:32","slug":"liliana-cuenca-sabemos-que-hay-muchisimas-chicas-que-no-se-animaron-a-denunciar-a-randazzo","status":"publish","type":"post","link":"https:\/\/cdnoticias.com\/index.php\/2024\/08\/22\/liliana-cuenca-sabemos-que-hay-muchisimas-chicas-que-no-se-animaron-a-denunciar-a-randazzo\/","title":{"rendered":"Liliana Cuenca: \u201csabemos que hay much\u00edsimas chicas que no se animaron a denunciar a Randazzo\u201d"},"content":{"rendered":"\n<p>La referente de la asociaci\u00f3n civil Animate habl\u00f3 con Central de Noticias ante una nueva pena por abuso sexual contra Luis Randazzo, quien ya hab\u00eda sido condenado en 2022 y se encuentra detenido.<\/p>\n\n\n\n<hr class=\"wp-block-separator has-alpha-channel-opacity\"\/>\n\n\n\n<p>En julio de 2022<a href=\"https:\/\/cdnoticias.com\/index.php\/2022\/07\/18\/luis-randazzo-fue-condenado-a-18-anos-de-prision\/\" data-type=\"link\" data-id=\"https:\/\/cdnoticias.com\/index.php\/2022\/07\/18\/luis-randazzo-fue-condenado-a-18-anos-de-prision\/\"> Luis Oscar Randazzo fue condenado a 18 a\u00f1os de prisi\u00f3n por \u201cabuso sexual gravemente ultrajante con acceso carnal agravado\u201d <\/a>en perjuicio de su hija, quien fue la denunciante de los hechos en 2018.<\/p>\n\n\n\n<p><\/p>\n\n\n\n<p>En las \u00faltimas horas<strong> se conoci\u00f3 la pena obtenida en un juicio abreviado en una causa por abuso sexual simple iniciada en 2015. <\/strong>En esta oportunidad, el acusado recibi\u00f3 la condena de <strong>dos a\u00f1os de prisi\u00f3n.<\/strong><\/p>\n\n\n\n<p><\/p>\n\n\n\n<p><strong>Liliana Cuenca, referente de la asociaci\u00f3n civil Animate<\/strong>, habl\u00f3 con <em>Central de Noticias<\/em> y se\u00f1al\u00f3 que \u201cten\u00edamos conocimiento de esta denuncia, fuimos acompa\u00f1ando a esta chica y est\u00e1bamos esperando el juicio.<strong> Nos sorprendi\u00f3 que haya sido juicio abreviado pero bueno, al menos va a tener justicia y tendr\u00e1 que cumplir dos a\u00f1os m\u00e1s como lo consider\u00f3 la jueza<\/strong>\u201d.<\/p>\n\n\n\n<p><\/p>\n\n\n\n<p>Respecto a esta causa, Liliana Cuenca cont\u00f3 que \u201ccuando Georgina Randazzo hizo la denuncia en mayo de 2018 <strong>ya ten\u00eda conocimiento de esta denuncia <\/strong>que tard\u00f3 en moverse, se movi\u00f3 despu\u00e9s del juicio de Georgina\u201d.<\/p>\n\n\n\n<p><\/p>\n\n\n\n<p>Recordemos que <strong>Georgina Randazzo, la v\u00edctima, inici\u00f3 la denuncia contra su padre a mitad de 2018 por los hechos sucedidos entre los a\u00f1os 2005 y 2010.<\/strong> Luis Randazzo fue detenido en marzo de 2019 y actualmente est\u00e1 alojado en la Unidad 2 de Sierra Chica.<\/p>\n\n\n\n<p><\/p>\n\n\n\n<p>En <strong>julio de 2022 <\/strong>la jueza Fernanda Raverta del Tribunal Oral N\u00b0 2 de Azul dict\u00f3 la pena luego de que <strong>un jurado de 12 civiles lo hallara culpable.<\/strong> Se indic\u00f3 que, en esa ocasi\u00f3n, 11 de los 12 jurados votaron por la culpabilidad.<\/p>\n\n\n\n<p><\/p>\n\n\n\n<p><strong>\u201cTenemos causas de 2014 sin respuesta\u201d<\/strong><\/p>\n\n\n\n<p><\/p>\n\n\n\n<p>Respecto a los a\u00f1os en los que tarda en dictarse una condena en casos de abuso, Liliana Cuenca se\u00f1al\u00f3 que \u201c<strong>tenemos causas de 2014 donde las v\u00edctimas no han tenido respuesta, tenemos causas de 2017, de 2018.<\/strong> Si las chicas no se acercan a fiscal\u00eda no las notifican de nada. Es siempre hablar de lo mismo\u201d.<\/p>\n\n\n\n<p><\/p>\n\n\n\n<p>\u201c<strong>Esta causa fue del a\u00f1o 2015 y reci\u00e9n ahora tiene una condena.<\/strong> F\u00edjate cu\u00e1nto tiempo tardan las chicas en dar vuelta la hoja, porque la vida contin\u00faa\u201d, se\u00f1al\u00f3.<br>Por otra parte, cont\u00f3 que desde la asociaci\u00f3n civil Animate, contin\u00faan trabajando y detall\u00f3 que \u201cen el mes de julio acompa\u00f1amos 14 casos y en lo que vamos de agosto llevamos acompa\u00f1ando a 9 v\u00edctimas\u201d.<\/p>\n\n\n\n<p><\/p>\n\n\n\n<p><strong>\u201cSabemos que hay much\u00edsimas chicas que no se animaron a denunciar a Randazzo, quiero decirles que est\u00e1n a tiempo y que estamos a disposici\u00f3n para escucharlas, abrazarlas, acompa\u00f1arlas y estar en todo el proceso legal tambi\u00e9n\u201d,<\/strong> concluy\u00f3.<\/p>\n\n\n\n<p><\/p>\n\n\n\n<blockquote class=\"wp-block-quote is-layout-flow wp-block-quote-is-layout-flow\">\n<p>Para contactarse con la asociaci\u00f3n civil Animate pueden hacerlo al 2284 \u2013 571543 o por redes sociales en Facebook e Instagram.<\/p>\n<\/blockquote>\n\n\n\n<p><\/p>\n","protected":false},"excerpt":{"rendered":"<p>La referente de la asociaci\u00f3n civil Animate habl\u00f3 con Central de Noticias ante una nueva pena por abuso sexual contra<\/p>\n","protected":false},"author":2,"featured_media":47408,"comment_status":"closed","ping_status":"closed","sticky":false,"template":"","format":"standard","meta":{"_jetpack_memberships_contains_paid_content":false,"footnotes":""},"categories":[3,1],"tags":[],"class_list":["post-123541","post","type-post","status-publish","format-standard","has-post-thumbnail","hentry","category-genero","category-portada"],"jetpack_featured_media_url":"https:\/\/i0.wp.com\/cdnoticias.com\/wp-content\/uploads\/2022\/02\/Liliana-cuenca-Randazzo-Animate-01.jpg?fit=800%2C445&ssl=1","jetpack_sharing_enabled":true,"_links":{"self":[{"href":"https:\/\/cdnoticias.com\/index.php\/wp-json\/wp\/v2\/posts\/123541","targetHints":{"allow":["GET"]}}],"collection":[{"href":"https:\/\/cdnoticias.com\/index.php\/wp-json\/wp\/v2\/posts"}],"about":[{"href":"https:\/\/cdnoticias.com\/index.php\/wp-json\/wp\/v2\/types\/post"}],"author":[{"embeddable":true,"href":"https:\/\/cdnoticias.com\/index.php\/wp-json\/wp\/v2\/users\/2"}],"replies":[{"embeddable":true,"href":"https:\/\/cdnoticias.com\/index.php\/wp-json\/wp\/v2\/comments?post=123541"}],"version-history":[{"count":0,"href":"https:\/\/cdnoticias.com\/index.php\/wp-json\/wp\/v2\/posts\/123541\/revisions"}],"wp:featuredmedia":[{"embeddable":true,"href":"https:\/\/cdnoticias.com\/index.php\/wp-json\/wp\/v2\/media\/47408"}],"wp:attachment":[{"href":"https:\/\/cdnoticias.com\/index.php\/wp-json\/wp\/v2\/media?parent=123541"}],"wp:term":[{"taxonomy":"category","embeddable":true,"href":"https:\/\/cdnoticias.com\/index.php\/wp-json\/wp\/v2\/categories?post=123541"},{"taxonomy":"post_tag","embeddable":true,"href":"https:\/\/cdnoticias.com\/index.php\/wp-json\/wp\/v2\/tags?post=123541"}],"curies":[{"name":"wp","href":"https:\/\/api.w.org\/{rel}","templated":true}]}}