{"id":12352,"date":"2021-01-27T17:09:55","date_gmt":"2021-01-27T20:09:55","guid":{"rendered":"http:\/\/www.centraldenoticias.com.ar\/?p=12352"},"modified":"2021-01-27T17:29:04","modified_gmt":"2021-01-27T20:29:04","slug":"diputados-independientes-pediran-suspender-las-paso-en-la-provincia","status":"publish","type":"post","link":"https:\/\/cdnoticias.com\/index.php\/2021\/01\/27\/diputados-independientes-pediran-suspender-las-paso-en-la-provincia\/","title":{"rendered":"Diputados independientes pedir\u00e1n suspender las PASO en la Provincia"},"content":{"rendered":"<p>Los legisladores Fabio Britos y Mario Giacobbe adelantaron que presentar\u00e1n el proyecto en la Legislatura. Quieren destinar los fondos a los municipios. Los intendentes que apoyan la iniciativa.<!--more--><\/p>\n<hr \/>\n<p><strong>Los diputados del Bloque 17 de Noviembre adelantaron la presentaci\u00f3n de un proyecto para suspender las PASO 2021 en el \u00e1mbito de la provincia de Buenos Aires.<\/strong><\/p>\n<p>Son los legisladores <strong>Fabio Britos -Cuarta Secci\u00f3n- y Mario Giacobbe -Tercera Secci\u00f3n-<\/strong> expusieron la intenci\u00f3n de que los fondos que se gastar\u00edan en la elecci\u00f3n primaria se redirijan a los distritos.<\/p>\n<blockquote><p>\u201cVamos a presentar un proyecto de ley para pedir la suspensi\u00f3n de las PASO y destinar esos 12 mil millones de pesos para obras en los Municipios\u201d dijo Britos este mi\u00e9rcoles en el diario \u201cDe Chivilcoy\u201d.<\/p><\/blockquote>\n<p>El diputado provincial plante\u00f3 que <strong>la distribuci\u00f3n en los distritos se concrete \u201ca trav\u00e9s del \u00edndice de coparticipaci\u00f3n (CUD)<\/strong>, debi\u00e9ndose utilizar el 50 por ciento del mismo en obras en escuelas y el otro 50 por ciento de libre disponibilidad para los municipios\u201d.<\/p>\n<p>\u201cEn estos tiempos <strong>invertir en educaci\u00f3n y obras es esencial<\/strong> y las PASO se transformaron solamente en una gran encuesta\u201d, sostuvo.<\/p>\n<p>Adem\u00e1s de los legisladores se se\u00f1al\u00f3 que <strong>Guillermo Britos, hermano del diputado<\/strong>, es otro impulsor de la iniciativa. Se trata del <strong>jefe comunal de Chivilcoy<\/strong>, definido como uno de los <strong>\u201cintendentes independientes\u201d<\/strong>, quien fue reelecto en 2019 cuando se present\u00f3 por Consenso Federal.<\/p>\n<p>Se cuentan tambi\u00e9n los <strong>jefes comunales de Salliquel\u00f3, Juan Miguel Nosetti, de Villarino, Carlos Bevilacqua<\/strong>. Ambos fueron electos con boletas \u201ccortas\u201d vecinalistas en sus distritos.<\/p>\n<p><strong>Cr\u00edticas a las PASO<\/strong><\/p>\n<p>Guillermo Britos manifest\u00f3 que <strong>\u201ctenemos que mirar el aspecto sanitario antes de priorizar lo que le conviene a cada partido pol\u00edtico\u201d<\/strong>, remarcando que las PASO \u201cno tienen sentido\u201d ya que \u201cson un gasto extraordinario para el Estado y no definen nada\u201d.<\/p>\n<p>Tambi\u00e9n el intendente de Salliquel\u00f3, Juan Miguel Nosetti, del grupo de alcaldes independientes, manifest\u00f3 que su \u201cpostura personal tambi\u00e9n es contraria\u201d y cuestion\u00f3 la utilidad de las primarias. \u201c<strong>Es una encuesta pagada por todos y muy cara para agrupaciones municipales como la nuestra<\/strong>. En este momento y con esta situaci\u00f3n sanitaria no aportar\u00eda nada\u201d, agreg\u00f3.<\/p>\n<p>Finalmente, tambi\u00e9n el jefe comunal de Villarino, Carlos Bevilacqua, remarc\u00f3 que las PASO son \u201cun gasto innecesario, con los problemas que hay en el pa\u00eds\u201d. Lanz\u00f3 <strong>\u201csi alg\u00fan partido tiene ganas de dirimir el liderazgo de su partido que lo pague con su propio presupuesto\u201d<\/strong>.<\/p>\n<p><strong>Un camino amarillo<\/strong><\/p>\n<p>La discusi\u00f3n por la suspensi\u00f3n de las PASO en 2021 a nivel nacional es <a href=\"https:\/\/cdnoticias.com\/index.php\/2021\/01\/23\/debate-por-las-paso-el-gobierno-habilito-al-congreso-a-discutir-el-calendario-electoral\/\" target=\"_blank\" rel=\"noopener\">un pedido de los gobernadores<\/a> al presidente Alberto Fern\u00e1ndez. <strong>En el \u00e1mbito de la Provincia de Buenos Aires se requiere la aprobaci\u00f3n de la Legislatura para avanzar en tal sentido<\/strong>.<\/p>\n<p><strong>Axel Kicillof<\/strong> hab\u00eda expresado sobre el tema que <a href=\"https:\/\/cdnoticias.com\/index.php\/2021\/01\/24\/kicillof-la-suspension-de-las-paso-no-es-un-tema-prioritario\/\" target=\"_blank\" rel=\"noopener\">\u201cno es prioritario\u201d<\/a> y apunt\u00f3 a que \u201cen la Provincia tenemos una ley propia de PASO y no tenemos mayor\u00eda en las c\u00e1maras\u201d. Con ello, agreg\u00f3 que \u201c<strong>necesariamente la discusi\u00f3n involucra a la oposici\u00f3n<\/strong>. Es un debate que para m\u00ed no depende ni del tema costos ni de la conveniencia pol\u00edtica, b\u00e1sicamente hay una ley y un tema epidemiol\u00f3gico\u201d remarc\u00f3.<\/p>\n<p>Por su parte, <strong>Juntos por el Cambio se hab\u00eda mostrado en rechazo a la suspensi\u00f3n de las Primarias<\/strong> con lo que el camino en la Legislatura parece sellado.<\/p>\n<p>El <strong>presidente del bloque Juntos por el Cambio en el Senado, Roberto Costa<\/strong>, -c\u00e1mara donde Juntos por el Cambio tiene mayor\u00eda propia- hab\u00eda expresado en diciembre que \u201ccualquier modificaci\u00f3n que se plantee en torno al sistema electoral, requiere de un acuerdo amplio y siempre debe estar sujeto al cumplimiento democr\u00e1tico\u201d. Remarc\u00f3 que \u201cestamos dispuestos al di\u00e1logo pero<strong> no vamos a permitir que existan reglas poco claras<\/strong>, o que se intente manipular una situaci\u00f3n por conveniencia partidaria del oficialismo\u201d.<\/p>\n","protected":false},"excerpt":{"rendered":"<p>Los legisladores Fabio Britos y Mario Giacobbe adelantaron que presentar\u00e1n el proyecto en la Legislatura. Quieren destinar los fondos a<\/p>\n","protected":false},"author":4,"featured_media":12354,"comment_status":"closed","ping_status":"closed","sticky":false,"template":"","format":"standard","meta":{"_jetpack_memberships_contains_paid_content":false,"footnotes":""},"categories":[6,1],"tags":[],"class_list":["post-12352","post","type-post","status-publish","format-standard","has-post-thumbnail","hentry","category-nacionales","category-portada"],"jetpack_featured_media_url":"https:\/\/i0.wp.com\/cdnoticias.com\/wp-content\/uploads\/2021\/01\/fabio-britos-diputado.jpg?fit=720%2C408&ssl=1","jetpack_sharing_enabled":true,"_links":{"self":[{"href":"https:\/\/cdnoticias.com\/index.php\/wp-json\/wp\/v2\/posts\/12352","targetHints":{"allow":["GET"]}}],"collection":[{"href":"https:\/\/cdnoticias.com\/index.php\/wp-json\/wp\/v2\/posts"}],"about":[{"href":"https:\/\/cdnoticias.com\/index.php\/wp-json\/wp\/v2\/types\/post"}],"author":[{"embeddable":true,"href":"https:\/\/cdnoticias.com\/index.php\/wp-json\/wp\/v2\/users\/4"}],"replies":[{"embeddable":true,"href":"https:\/\/cdnoticias.com\/index.php\/wp-json\/wp\/v2\/comments?post=12352"}],"version-history":[{"count":0,"href":"https:\/\/cdnoticias.com\/index.php\/wp-json\/wp\/v2\/posts\/12352\/revisions"}],"wp:featuredmedia":[{"embeddable":true,"href":"https:\/\/cdnoticias.com\/index.php\/wp-json\/wp\/v2\/media\/12354"}],"wp:attachment":[{"href":"https:\/\/cdnoticias.com\/index.php\/wp-json\/wp\/v2\/media?parent=12352"}],"wp:term":[{"taxonomy":"category","embeddable":true,"href":"https:\/\/cdnoticias.com\/index.php\/wp-json\/wp\/v2\/categories?post=12352"},{"taxonomy":"post_tag","embeddable":true,"href":"https:\/\/cdnoticias.com\/index.php\/wp-json\/wp\/v2\/tags?post=12352"}],"curies":[{"name":"wp","href":"https:\/\/api.w.org\/{rel}","templated":true}]}}