{"id":123516,"date":"2024-08-21T19:17:47","date_gmt":"2024-08-21T22:17:47","guid":{"rendered":"https:\/\/cdnoticias.com\/?p=123516"},"modified":"2024-08-22T08:39:25","modified_gmt":"2024-08-22T11:39:25","slug":"calculo-mal-el-limitador-del-camino-de-los-peregrinos-y-lo-choco-termino-herido","status":"publish","type":"post","link":"https:\/\/cdnoticias.com\/index.php\/2024\/08\/21\/calculo-mal-el-limitador-del-camino-de-los-peregrinos-y-lo-choco-termino-herido\/","title":{"rendered":"Calcul\u00f3 mal el limitador del Camino de los Peregrinos y lo choc\u00f3: termin\u00f3 herido"},"content":{"rendered":"\n<p>Fue este mi\u00e9rcoles por la tarde. Un camionero salv\u00f3 su vida de milagro tras chocar el limitador de altura camino a Cementerio Loma de Paz.<\/p>\n\n\n\n<hr class=\"wp-block-separator aligncenter has-alpha-channel-opacity\"\/>\n\n\n\n<p><em>Foto: Gentileza En L\u00ednea Noticias<\/em><\/p>\n\n\n\n<p>Este mi\u00e9rcoles por la tarde<strong> un camionero se salv\u00f3 de milagro tras impactar, con su veh\u00edculo, el limitador de altura del Camino de los Peregrinos.<\/strong><\/p>\n\n\n\n<p>Seg\u00fan se logr\u00f3 saber, un hombre circulaba a bordo de su cami\u00f3n Fiat por el camino en direcci\u00f3n a Loma de Paz,<strong> calcul\u00f3 mal la altura del veh\u00edculo e impact\u00f3 de forma violenta contra el limitador. Por el porte del veh\u00edculo, el golpe fue a la altura de la cabina, por lo que pudo ser una tragedia.<\/strong><\/p>\n\n\n\n<p><strong>Si bien el hombre salv\u00f3 su vida, debi\u00f3 ser asistido por una ambulancia del sistema p\u00fablico de salud.<\/strong> Fue trasladado al Hospital Municipal para ser atendido en la guardia con c<strong>ortes en su cara.<\/strong><\/p>\n\n\n\n<p>En el lugar trabaj\u00f3, con el reordenamiento del tr\u00e1nsito y las tareas de protecci\u00f3n de la escena, el Comando de Patrullas local.<\/p>\n","protected":false},"excerpt":{"rendered":"<p>Fue este mi\u00e9rcoles por la tarde. Un camionero salv\u00f3 su vida de milagro tras chocar el limitador de altura camino<\/p>\n","protected":false},"author":2,"featured_media":123517,"comment_status":"closed","ping_status":"closed","sticky":false,"template":"","format":"standard","meta":{"_jetpack_memberships_contains_paid_content":false,"footnotes":""},"categories":[14,1],"tags":[],"class_list":["post-123516","post","type-post","status-publish","format-standard","has-post-thumbnail","hentry","category-policiales","category-portada"],"jetpack_featured_media_url":"https:\/\/i0.wp.com\/cdnoticias.com\/wp-content\/uploads\/2024\/08\/accidente-limitador.jpg?fit=1463%2C696&ssl=1","jetpack_sharing_enabled":true,"_links":{"self":[{"href":"https:\/\/cdnoticias.com\/index.php\/wp-json\/wp\/v2\/posts\/123516","targetHints":{"allow":["GET"]}}],"collection":[{"href":"https:\/\/cdnoticias.com\/index.php\/wp-json\/wp\/v2\/posts"}],"about":[{"href":"https:\/\/cdnoticias.com\/index.php\/wp-json\/wp\/v2\/types\/post"}],"author":[{"embeddable":true,"href":"https:\/\/cdnoticias.com\/index.php\/wp-json\/wp\/v2\/users\/2"}],"replies":[{"embeddable":true,"href":"https:\/\/cdnoticias.com\/index.php\/wp-json\/wp\/v2\/comments?post=123516"}],"version-history":[{"count":0,"href":"https:\/\/cdnoticias.com\/index.php\/wp-json\/wp\/v2\/posts\/123516\/revisions"}],"wp:featuredmedia":[{"embeddable":true,"href":"https:\/\/cdnoticias.com\/index.php\/wp-json\/wp\/v2\/media\/123517"}],"wp:attachment":[{"href":"https:\/\/cdnoticias.com\/index.php\/wp-json\/wp\/v2\/media?parent=123516"}],"wp:term":[{"taxonomy":"category","embeddable":true,"href":"https:\/\/cdnoticias.com\/index.php\/wp-json\/wp\/v2\/categories?post=123516"},{"taxonomy":"post_tag","embeddable":true,"href":"https:\/\/cdnoticias.com\/index.php\/wp-json\/wp\/v2\/tags?post=123516"}],"curies":[{"name":"wp","href":"https:\/\/api.w.org\/{rel}","templated":true}]}}