{"id":123499,"date":"2024-08-23T08:23:02","date_gmt":"2024-08-23T11:23:02","guid":{"rendered":"https:\/\/cdnoticias.com\/?p=123499"},"modified":"2024-08-23T08:23:04","modified_gmt":"2024-08-23T11:23:04","slug":"primera-edicion-de-tejeton-solidario-en-bomberos-voluntarios-de-olavarria","status":"publish","type":"post","link":"https:\/\/cdnoticias.com\/index.php\/2024\/08\/23\/primera-edicion-de-tejeton-solidario-en-bomberos-voluntarios-de-olavarria\/","title":{"rendered":"Primera edici\u00f3n de Tejet\u00f3n Solidario en Bomberos Voluntarios de Olavarr\u00eda"},"content":{"rendered":"\n<p>Ser\u00e1 este s\u00e1bado en el Cuartel Central y es abierto a toda la comunidad. Se necesitan donaciones de lana y sweaters en desuso que luego ser\u00e1n usados para la confecci\u00f3n de nuevas mantas.<\/p>\n\n\n\n<hr class=\"wp-block-separator aligncenter has-alpha-channel-opacity\"\/>\n\n\n\n<p>Este s\u00e1bado, la <strong>Asociaci\u00f3n de Bomberos Voluntarios <\/strong>de Olavarr\u00eda ser\u00e1 la sede de un evento que tiene como objetivo la colaboraci\u00f3n y la ayuda solidaria.<\/p>\n\n\n\n<p><\/p>\n\n\n\n<p>La <strong>Subcomisi\u00f3n de Damas<\/strong> junto al grupo <strong>Manos a la Obra,<\/strong> llevar\u00e1 a cabo la <strong>primera edici\u00f3n del Tejet\u00f3n Solidario <\/strong>donde se invita a vecinos y vecinas a colaborar con la <strong>creaci\u00f3n de mantas para donar a diferentes instituciones locales.<\/strong><\/p>\n\n\n\n<p><\/p>\n\n\n\n<p>El encuentro contar\u00e1 con una charla, una merienda y una tarde de tejido solidario. <strong>La jornada ser\u00e1 de 15:00 a 17:00 horas en el Cuartel Central y es abierto a toda la comunidad.<\/strong><\/p>\n\n\n\n<p><\/p>\n\n\n\n<p>Se necesitan <strong>donaciones de lana y sweaters en desuso que luego ser\u00e1n usados para la confecci\u00f3n de nuevas mantas. <\/strong>En este primer encuentro se comenzar\u00e1 a tejer cuadrados que luego formar\u00e1n las mantas para donar a instituciones.<\/p>\n","protected":false},"excerpt":{"rendered":"<p>Ser\u00e1 este s\u00e1bado en el Cuartel Central y es abierto a toda la comunidad. Se necesitan donaciones de lana y<\/p>\n","protected":false},"author":6,"featured_media":4752,"comment_status":"closed","ping_status":"closed","sticky":false,"template":"","format":"standard","meta":{"_jetpack_memberships_contains_paid_content":false,"footnotes":""},"categories":[5,1],"tags":[],"class_list":["post-123499","post","type-post","status-publish","format-standard","has-post-thumbnail","hentry","category-informacion-general","category-portada"],"jetpack_featured_media_url":"https:\/\/i0.wp.com\/cdnoticias.com\/wp-content\/uploads\/2020\/10\/bomberosvoluntarios01.jpg?fit=4608%2C3072&ssl=1","jetpack_sharing_enabled":true,"_links":{"self":[{"href":"https:\/\/cdnoticias.com\/index.php\/wp-json\/wp\/v2\/posts\/123499","targetHints":{"allow":["GET"]}}],"collection":[{"href":"https:\/\/cdnoticias.com\/index.php\/wp-json\/wp\/v2\/posts"}],"about":[{"href":"https:\/\/cdnoticias.com\/index.php\/wp-json\/wp\/v2\/types\/post"}],"author":[{"embeddable":true,"href":"https:\/\/cdnoticias.com\/index.php\/wp-json\/wp\/v2\/users\/6"}],"replies":[{"embeddable":true,"href":"https:\/\/cdnoticias.com\/index.php\/wp-json\/wp\/v2\/comments?post=123499"}],"version-history":[{"count":0,"href":"https:\/\/cdnoticias.com\/index.php\/wp-json\/wp\/v2\/posts\/123499\/revisions"}],"wp:featuredmedia":[{"embeddable":true,"href":"https:\/\/cdnoticias.com\/index.php\/wp-json\/wp\/v2\/media\/4752"}],"wp:attachment":[{"href":"https:\/\/cdnoticias.com\/index.php\/wp-json\/wp\/v2\/media?parent=123499"}],"wp:term":[{"taxonomy":"category","embeddable":true,"href":"https:\/\/cdnoticias.com\/index.php\/wp-json\/wp\/v2\/categories?post=123499"},{"taxonomy":"post_tag","embeddable":true,"href":"https:\/\/cdnoticias.com\/index.php\/wp-json\/wp\/v2\/tags?post=123499"}],"curies":[{"name":"wp","href":"https:\/\/api.w.org\/{rel}","templated":true}]}}