{"id":123459,"date":"2024-08-21T15:21:12","date_gmt":"2024-08-21T18:21:12","guid":{"rendered":"https:\/\/cdnoticias.com\/?p=123459"},"modified":"2024-08-21T15:21:14","modified_gmt":"2024-08-21T18:21:14","slug":"arnoldo-krivochen-kito-q-e-p-d","status":"publish","type":"post","link":"https:\/\/cdnoticias.com\/index.php\/2024\/08\/21\/arnoldo-krivochen-kito-q-e-p-d\/","title":{"rendered":"Arnoldo Krivochen &#8220;Kito&#8221; (Q.E.P.D.)"},"content":{"rendered":"\n<hr class=\"wp-block-separator aligncenter has-alpha-channel-opacity\"\/>\n\n\n\n<p>Falleci\u00f3 en Olavarr\u00eda el 21 de agosto de 2024 a los 83 a\u00f1os. Su hijo Daniel Krivochen. Su hija pol\u00edtica Ana Mar\u00eda Angerami. Sus nietos Gast\u00f3n, Mar\u00eda Bel\u00e9n y Carolina Krivochen. Sus nietos pol\u00edticos Valent\u00edn Loreto y Luciana Barrueto. Sus hermanos. Sus hermanos pol\u00edticos. Sus sobrinos y dem\u00e1s deudos participan su fallecimiento.<\/p>\n\n\n\n<p>Sus restos ser\u00e1n inhumados en el Cementerio Loma de Paz este jueves 22 de agosto a las 09:30 horas. Servicio adherido a Coopelectric.<\/p>\n\n\n\n<p>Nacido en Espigas, vecino de barrio Obrero, jubilado.<\/p>\n","protected":false},"excerpt":{"rendered":"<p>Falleci\u00f3 en Olavarr\u00eda el 21 de agosto de 2024 a los 83 a\u00f1os. Su hijo Daniel Krivochen. Su hija pol\u00edtica<\/p>\n","protected":false},"author":2,"featured_media":100390,"comment_status":"closed","ping_status":"closed","sticky":false,"template":"","format":"standard","meta":{"_jetpack_memberships_contains_paid_content":false,"footnotes":""},"categories":[10],"tags":[],"class_list":["post-123459","post","type-post","status-publish","format-standard","has-post-thumbnail","hentry","category-necrologicas"],"jetpack_featured_media_url":"https:\/\/i0.wp.com\/cdnoticias.com\/wp-content\/uploads\/2023\/10\/necrologicas-390-x-240.jpg?fit=390%2C240&ssl=1","jetpack_sharing_enabled":true,"_links":{"self":[{"href":"https:\/\/cdnoticias.com\/index.php\/wp-json\/wp\/v2\/posts\/123459","targetHints":{"allow":["GET"]}}],"collection":[{"href":"https:\/\/cdnoticias.com\/index.php\/wp-json\/wp\/v2\/posts"}],"about":[{"href":"https:\/\/cdnoticias.com\/index.php\/wp-json\/wp\/v2\/types\/post"}],"author":[{"embeddable":true,"href":"https:\/\/cdnoticias.com\/index.php\/wp-json\/wp\/v2\/users\/2"}],"replies":[{"embeddable":true,"href":"https:\/\/cdnoticias.com\/index.php\/wp-json\/wp\/v2\/comments?post=123459"}],"version-history":[{"count":0,"href":"https:\/\/cdnoticias.com\/index.php\/wp-json\/wp\/v2\/posts\/123459\/revisions"}],"wp:featuredmedia":[{"embeddable":true,"href":"https:\/\/cdnoticias.com\/index.php\/wp-json\/wp\/v2\/media\/100390"}],"wp:attachment":[{"href":"https:\/\/cdnoticias.com\/index.php\/wp-json\/wp\/v2\/media?parent=123459"}],"wp:term":[{"taxonomy":"category","embeddable":true,"href":"https:\/\/cdnoticias.com\/index.php\/wp-json\/wp\/v2\/categories?post=123459"},{"taxonomy":"post_tag","embeddable":true,"href":"https:\/\/cdnoticias.com\/index.php\/wp-json\/wp\/v2\/tags?post=123459"}],"curies":[{"name":"wp","href":"https:\/\/api.w.org\/{rel}","templated":true}]}}