{"id":123449,"date":"2024-08-21T10:09:53","date_gmt":"2024-08-21T13:09:53","guid":{"rendered":"https:\/\/cdnoticias.com\/?p=123449"},"modified":"2024-08-21T12:11:50","modified_gmt":"2024-08-21T15:11:50","slug":"ultimas-horas-para-inscribirse-en-la-ronda-de-negocios-olavarria-2024","status":"publish","type":"post","link":"https:\/\/cdnoticias.com\/index.php\/2024\/08\/21\/ultimas-horas-para-inscribirse-en-la-ronda-de-negocios-olavarria-2024\/","title":{"rendered":"\u00daltimas horas para inscribirse en la \u201cRonda de Negocios Olavarr\u00eda 2024\u201d"},"content":{"rendered":"\n<p>El secretario de Desarrollo Econ\u00f3mico y Productivo del Municipio, Gast\u00f3n Sarachu, indic\u00f3 que hasta el momento \u201calrededor de 200 empresas\u201d son las anotadas para participar.<\/p>\n\n\n\n<hr class=\"wp-block-separator has-alpha-channel-opacity\"\/>\n\n\n\n<p>El pr\u00f3ximo<strong> jueves 29 de agosto <\/strong>se llevar\u00e1 a cabo la<strong> \u201cRonda de Negocios Olavarr\u00eda 2024\u201d <\/strong>en instalaciones del Centro de Exposiciones Municipal. La actividad es impulsada desde la Secretar\u00eda de Desarrollo Econ\u00f3mico y Productivo del Municipio de Olavarr\u00eda y el Ministerio de Producci\u00f3n, Ciencia e Innovaci\u00f3n Tecnol\u00f3gica de la provincia de Buenos Aires.<\/p>\n\n\n\n<p><\/p>\n\n\n\n<p>El <strong>secretario de Desarrollo Econ\u00f3mico, Gast\u00f3n Sarachu<\/strong>, habl\u00f3 de la propuesta que busca posibilitar el intercambio entre las empresas participantes y resalt\u00f3 que la inscripci\u00f3n estar\u00e1 abierta hasta este mi\u00e9rcoles al mediod\u00eda. Las personas interesadas en participar, deber\u00e1n ingresar al <a href=\"https:\/\/docs.google.com\/forms\/d\/e\/1FAIpQLSdPnOr6Lr8PLB7KtCPacHp5FFYiLrsH9N0fixN0ulv-WuSg3w\/viewform\" data-type=\"link\" data-id=\"https:\/\/docs.google.com\/forms\/d\/e\/1FAIpQLSdPnOr6Lr8PLB7KtCPacHp5FFYiLrsH9N0fixN0ulv-WuSg3w\/viewform\">siguiente link.<\/a><\/p>\n\n\n\n<p><\/p>\n\n\n\n<blockquote class=\"wp-block-quote is-layout-flow wp-block-quote-is-layout-flow\">\n<p>\u201cTenemos muy buena respuesta hasta ahora, alrededor de 200 empresas se han inscripto de Olavarr\u00eda y de municipios vecinos que tambi\u00e9n quieren participar\u201d, indic\u00f3 Sarachu en di\u00e1logo con el programa Levantate (Radio Sapiens) y aclar\u00f3 que si alguna empresa no llega anotarse \u201cse pueden acercar a la secretar\u00eda y podemos anotarla posteriormente&#8221;.<\/p>\n<\/blockquote>\n\n\n\n<p><\/p>\n\n\n\n<p>El secretario de Desarrollo Econ\u00f3mico explic\u00f3 que \u201clo que tiene de interesante este tipo de ronda es que uno previamente ya llega a la ronda sabiendo con qu\u00e9 empresa va a interactuar o se va a presentar. <strong>Es una excelente oportunidad para para entablar relaciones comerciales, pero tambi\u00e9n para conocerse y para saber qu\u00e9 tiene el otro para ofrecer<\/strong>\u201d.<\/p>\n\n\n\n<p><\/p>\n\n\n\n<figure class=\"wp-block-image size-full\"><img data-recalc-dims=\"1\" loading=\"lazy\" decoding=\"async\" width=\"800\" height=\"445\" src=\"https:\/\/i0.wp.com\/cdnoticias.com\/wp-content\/uploads\/2024\/08\/ronda-de-negocios-29-de-agosto-2024.jpg?resize=800%2C445&#038;ssl=1\" alt=\"\" class=\"wp-image-122793\" srcset=\"https:\/\/i0.wp.com\/cdnoticias.com\/wp-content\/uploads\/2024\/08\/ronda-de-negocios-29-de-agosto-2024.jpg?w=937&amp;ssl=1 937w, https:\/\/i0.wp.com\/cdnoticias.com\/wp-content\/uploads\/2024\/08\/ronda-de-negocios-29-de-agosto-2024.jpg?resize=300%2C167&amp;ssl=1 300w, https:\/\/i0.wp.com\/cdnoticias.com\/wp-content\/uploads\/2024\/08\/ronda-de-negocios-29-de-agosto-2024.jpg?resize=768%2C427&amp;ssl=1 768w, https:\/\/i0.wp.com\/cdnoticias.com\/wp-content\/uploads\/2024\/08\/ronda-de-negocios-29-de-agosto-2024.jpg?resize=800%2C445&amp;ssl=1 800w\" sizes=\"auto, (max-width: 800px) 100vw, 800px\" \/><\/figure>\n\n\n\n<p><\/p>\n\n\n\n<p>Por otra parte, Sarachu record\u00f3 que en el marco del mes de la industria, el<strong> 13 y 14 de septiembre <\/strong>se realizar\u00e1<a href=\"https:\/\/cdnoticias.com\/index.php\/2024\/08\/14\/lanzamiento-de-olavarria-produce-2024-mostrar-y-vender-a-olavarria-al-resto-del-pais\/\" data-type=\"link\" data-id=\"https:\/\/cdnoticias.com\/index.php\/2024\/08\/14\/lanzamiento-de-olavarria-produce-2024-mostrar-y-vender-a-olavarria-al-resto-del-pais\/\"> \u201cOlavarr\u00eda Produce 2024\u201d,<\/a> una exposici\u00f3n con empresas locales y de la regi\u00f3n.<\/p>\n\n\n\n<p><\/p>\n\n\n\n<p>\u201c<strong>No solo va a incluir al sector minero sino a todos aquellos sectores productivos que tiene Olavarr\u00eda <\/strong>y como bien sabemos es muy diverso, es muy rico y muchas veces desde otros municipios o quienes no conocen, se sorprenden de la diversidad que tiene Olavarr\u00eda para ofrecernos\u201d, expres\u00f3.<\/p>\n","protected":false},"excerpt":{"rendered":"<p>El secretario de Desarrollo Econ\u00f3mico y Productivo del Municipio, Gast\u00f3n Sarachu, indic\u00f3 que hasta el momento \u201calrededor de 200 empresas\u201d<\/p>\n","protected":false},"author":2,"featured_media":111707,"comment_status":"closed","ping_status":"closed","sticky":false,"template":"","format":"standard","meta":{"_jetpack_memberships_contains_paid_content":false,"footnotes":""},"categories":[5,1],"tags":[],"class_list":["post-123449","post","type-post","status-publish","format-standard","has-post-thumbnail","hentry","category-informacion-general","category-portada"],"jetpack_featured_media_url":"https:\/\/i0.wp.com\/cdnoticias.com\/wp-content\/uploads\/2024\/03\/conferencia-sarachu-desarrollo-scaled.jpg?fit=2560%2C1424&ssl=1","jetpack_sharing_enabled":true,"_links":{"self":[{"href":"https:\/\/cdnoticias.com\/index.php\/wp-json\/wp\/v2\/posts\/123449","targetHints":{"allow":["GET"]}}],"collection":[{"href":"https:\/\/cdnoticias.com\/index.php\/wp-json\/wp\/v2\/posts"}],"about":[{"href":"https:\/\/cdnoticias.com\/index.php\/wp-json\/wp\/v2\/types\/post"}],"author":[{"embeddable":true,"href":"https:\/\/cdnoticias.com\/index.php\/wp-json\/wp\/v2\/users\/2"}],"replies":[{"embeddable":true,"href":"https:\/\/cdnoticias.com\/index.php\/wp-json\/wp\/v2\/comments?post=123449"}],"version-history":[{"count":0,"href":"https:\/\/cdnoticias.com\/index.php\/wp-json\/wp\/v2\/posts\/123449\/revisions"}],"wp:featuredmedia":[{"embeddable":true,"href":"https:\/\/cdnoticias.com\/index.php\/wp-json\/wp\/v2\/media\/111707"}],"wp:attachment":[{"href":"https:\/\/cdnoticias.com\/index.php\/wp-json\/wp\/v2\/media?parent=123449"}],"wp:term":[{"taxonomy":"category","embeddable":true,"href":"https:\/\/cdnoticias.com\/index.php\/wp-json\/wp\/v2\/categories?post=123449"},{"taxonomy":"post_tag","embeddable":true,"href":"https:\/\/cdnoticias.com\/index.php\/wp-json\/wp\/v2\/tags?post=123449"}],"curies":[{"name":"wp","href":"https:\/\/api.w.org\/{rel}","templated":true}]}}