{"id":123433,"date":"2024-08-20T20:56:36","date_gmt":"2024-08-20T23:56:36","guid":{"rendered":"https:\/\/cdnoticias.com\/?p=123433"},"modified":"2024-08-20T20:56:38","modified_gmt":"2024-08-20T23:56:38","slug":"como-estara-el-tiempo-en-olavarria-para-este-miercoles-21-de-agosto","status":"publish","type":"post","link":"https:\/\/cdnoticias.com\/index.php\/2024\/08\/20\/como-estara-el-tiempo-en-olavarria-para-este-miercoles-21-de-agosto\/","title":{"rendered":"C\u00f3mo estar\u00e1 el tiempo en Olavarr\u00eda para este mi\u00e9rcoles 21 de agosto"},"content":{"rendered":"\n<p>Ser\u00e1 una jornada marcada por la inestabilidad clim\u00e1tica en Olavarr\u00eda, con lluvias persistentes desde la madrugada hasta la noche. A continuaci\u00f3n, el detalle del pron\u00f3stico.<\/p>\n\n\n\n<hr class=\"wp-block-separator aligncenter has-alpha-channel-opacity\"\/>\n\n\n\n<p>Durante la madrugada, <strong>se esperan lluvias aisladas y una temperatura m\u00ednima de 4\u00b0C. <\/strong>El viento soplar\u00e1 con una intensidad de entre 13 y 22 km\/h desde el este, manteniendo un<strong> ambiente h\u00famedo y fr\u00edo.<\/strong><\/p>\n\n\n\n<p>En la ma\u00f1ana, <strong>las lluvias se intensificar\u00e1n, con alta probabilidad de precipitaciones, alcanzando entre un 70% y 100%. La temperatura ascender\u00e1 ligeramente a 5\u00b0C<\/strong>, mientras el viento cambiar\u00e1 de direcci\u00f3n hacia el sudeste, conservando su intensidad.<\/p>\n\n\n\n<p>Por la tarde, las lluvias continuar\u00e1n, aunque la probabilidad disminuir\u00e1 levemente a un rango de 40% a 70%. <strong>La temperatura se mantendr\u00e1 fresca, con una m\u00e1xima de 7\u00b0C. El viento persistir\u00e1 del sur a una velocidad constante de entre 13 y 22 km\/h.<\/strong><\/p>\n\n\n\n<p>Al llegar la noche,<strong> las lluvias comenzar\u00e1n a debilitarse, volvi\u00e9ndose nuevamente aisladas. La temperatura descender\u00e1 a 6\u00b0C, y el viento seguir\u00e1 soplando desde el sur, manteniendo la misma velocidad.<\/strong><\/p>\n\n\n\n<p><strong>Este mi\u00e9rcoles ser\u00e1 un d\u00eda gris y lluvioso<\/strong>, por lo que se recomienda estar preparados para las precipitaciones y tomar las precauciones necesarias si debes salir.<\/p>\n","protected":false},"excerpt":{"rendered":"<p>Ser\u00e1 una jornada marcada por la inestabilidad clim\u00e1tica en Olavarr\u00eda, con lluvias persistentes desde la madrugada hasta la noche. A<\/p>\n","protected":false},"author":2,"featured_media":108168,"comment_status":"closed","ping_status":"closed","sticky":false,"template":"","format":"standard","meta":{"_jetpack_memberships_contains_paid_content":false,"footnotes":""},"categories":[5],"tags":[],"class_list":["post-123433","post","type-post","status-publish","format-standard","has-post-thumbnail","hentry","category-informacion-general"],"jetpack_featured_media_url":"https:\/\/i0.wp.com\/cdnoticias.com\/wp-content\/uploads\/2024\/02\/lluvia-tiempo-clima-02.jpg?fit=800%2C445&ssl=1","jetpack_sharing_enabled":true,"_links":{"self":[{"href":"https:\/\/cdnoticias.com\/index.php\/wp-json\/wp\/v2\/posts\/123433","targetHints":{"allow":["GET"]}}],"collection":[{"href":"https:\/\/cdnoticias.com\/index.php\/wp-json\/wp\/v2\/posts"}],"about":[{"href":"https:\/\/cdnoticias.com\/index.php\/wp-json\/wp\/v2\/types\/post"}],"author":[{"embeddable":true,"href":"https:\/\/cdnoticias.com\/index.php\/wp-json\/wp\/v2\/users\/2"}],"replies":[{"embeddable":true,"href":"https:\/\/cdnoticias.com\/index.php\/wp-json\/wp\/v2\/comments?post=123433"}],"version-history":[{"count":0,"href":"https:\/\/cdnoticias.com\/index.php\/wp-json\/wp\/v2\/posts\/123433\/revisions"}],"wp:featuredmedia":[{"embeddable":true,"href":"https:\/\/cdnoticias.com\/index.php\/wp-json\/wp\/v2\/media\/108168"}],"wp:attachment":[{"href":"https:\/\/cdnoticias.com\/index.php\/wp-json\/wp\/v2\/media?parent=123433"}],"wp:term":[{"taxonomy":"category","embeddable":true,"href":"https:\/\/cdnoticias.com\/index.php\/wp-json\/wp\/v2\/categories?post=123433"},{"taxonomy":"post_tag","embeddable":true,"href":"https:\/\/cdnoticias.com\/index.php\/wp-json\/wp\/v2\/tags?post=123433"}],"curies":[{"name":"wp","href":"https:\/\/api.w.org\/{rel}","templated":true}]}}