{"id":123431,"date":"2024-08-20T20:36:58","date_gmt":"2024-08-20T23:36:58","guid":{"rendered":"https:\/\/cdnoticias.com\/?p=123431"},"modified":"2024-08-21T09:03:36","modified_gmt":"2024-08-21T12:03:36","slug":"la-sociedad-rural-pidio-reunirse-con-el-ministro-de-seguridad-en-la-visita-de-kicillof-a-olavarria","status":"publish","type":"post","link":"https:\/\/cdnoticias.com\/index.php\/2024\/08\/20\/la-sociedad-rural-pidio-reunirse-con-el-ministro-de-seguridad-en-la-visita-de-kicillof-a-olavarria\/","title":{"rendered":"La Sociedad Rural pidi\u00f3 reunirse con el ministro de Seguridad en la visita de Kicillof a Olavarr\u00eda"},"content":{"rendered":"\n<p>Le solicit\u00f3 al Municipio concretar un encuentro para manifestar \u201cla necesidad de reforzar las dependencias policiales de las localidades\u201d. Los delitos de abigeo, el eje del pedido.<\/p>\n\n\n\n<hr class=\"wp-block-separator aligncenter has-alpha-channel-opacity\"\/>\n\n\n\n<p>A horas de la llegada del gobernador Axel Kicillof para poner en marcha la Unidad T\u00e1ctica de Operaci\u00f3n Inmediata (UTOI),<strong> la Sociedad Rural de Olavarr\u00eda hizo p\u00fablico un pedido al Municipio para gestionar una reuni\u00f3n con el ministro de Seguridad bonaerense, Javier Alonso.<\/strong><\/p>\n\n\n\n<p>En el marco de la visita oficial, <em><strong>\u201cla Sociedad Rural de Olavarr\u00eda ha solicitado al gobierno municipal que gestione una reuni\u00f3n con el Ministro de Seguridad de la Provincia\u201d<\/strong><\/em> indicaron en un comunicado emitido en la tarde de este martes.<\/p>\n\n\n\n<blockquote class=\"wp-block-quote is-layout-flow wp-block-quote-is-layout-flow\">\n<p>\u201cEl objetivo de dicho encuentro es reiterar la necesidad de reforzar las dependencias policiales de las localidades de nuestro Partido\u201d.<\/p>\n<\/blockquote>\n\n\n\n<p>El objetivo del pedido, que la entidad \u201c<em>viene realizado desde hace unos a\u00f1os y hasta el momento no ha tenido respuesta alguna\u201d <\/em>subyace en que buscan reforzar <em><strong>\u201czonas en las que se tienen los mayores registros de delitos rurales, en especial el de abigeato\u201d. <\/strong><\/em><strong>En las \u00faltimas semanas, hubo m\u00faltiples casos de este delito.<\/strong><\/p>\n\n\n\n<p><em>\u201cEstamos a la espera de una respuesta positiva por parte del Municipio para poder concretar la reuni\u00f3n con el Ministerio de Seguridad provincial\u201d <\/em>cerraron.<\/p>\n","protected":false},"excerpt":{"rendered":"<p>Le solicit\u00f3 al Municipio concretar un encuentro para manifestar \u201cla necesidad de reforzar las dependencias policiales de las localidades\u201d. Los<\/p>\n","protected":false},"author":2,"featured_media":96734,"comment_status":"closed","ping_status":"closed","sticky":false,"template":"","format":"standard","meta":{"_jetpack_memberships_contains_paid_content":false,"footnotes":""},"categories":[4,1],"tags":[],"class_list":["post-123431","post","type-post","status-publish","format-standard","has-post-thumbnail","hentry","category-politica","category-portada"],"jetpack_featured_media_url":"https:\/\/i0.wp.com\/cdnoticias.com\/wp-content\/uploads\/2023\/09\/sociedad-rural-predio-01.jpg?fit=800%2C445&ssl=1","jetpack_sharing_enabled":true,"_links":{"self":[{"href":"https:\/\/cdnoticias.com\/index.php\/wp-json\/wp\/v2\/posts\/123431","targetHints":{"allow":["GET"]}}],"collection":[{"href":"https:\/\/cdnoticias.com\/index.php\/wp-json\/wp\/v2\/posts"}],"about":[{"href":"https:\/\/cdnoticias.com\/index.php\/wp-json\/wp\/v2\/types\/post"}],"author":[{"embeddable":true,"href":"https:\/\/cdnoticias.com\/index.php\/wp-json\/wp\/v2\/users\/2"}],"replies":[{"embeddable":true,"href":"https:\/\/cdnoticias.com\/index.php\/wp-json\/wp\/v2\/comments?post=123431"}],"version-history":[{"count":0,"href":"https:\/\/cdnoticias.com\/index.php\/wp-json\/wp\/v2\/posts\/123431\/revisions"}],"wp:featuredmedia":[{"embeddable":true,"href":"https:\/\/cdnoticias.com\/index.php\/wp-json\/wp\/v2\/media\/96734"}],"wp:attachment":[{"href":"https:\/\/cdnoticias.com\/index.php\/wp-json\/wp\/v2\/media?parent=123431"}],"wp:term":[{"taxonomy":"category","embeddable":true,"href":"https:\/\/cdnoticias.com\/index.php\/wp-json\/wp\/v2\/categories?post=123431"},{"taxonomy":"post_tag","embeddable":true,"href":"https:\/\/cdnoticias.com\/index.php\/wp-json\/wp\/v2\/tags?post=123431"}],"curies":[{"name":"wp","href":"https:\/\/api.w.org\/{rel}","templated":true}]}}