{"id":123421,"date":"2024-08-20T20:40:51","date_gmt":"2024-08-20T23:40:51","guid":{"rendered":"https:\/\/cdnoticias.com\/?p=123421"},"modified":"2024-08-20T20:40:53","modified_gmt":"2024-08-20T23:40:53","slug":"coopelectric-adquirio-un-nuevo-vehiculo-para-el-servicio-electrico-2","status":"publish","type":"post","link":"https:\/\/cdnoticias.com\/index.php\/2024\/08\/20\/coopelectric-adquirio-un-nuevo-vehiculo-para-el-servicio-electrico-2\/","title":{"rendered":"Coopelectric adquiri\u00f3 un nuevo veh\u00edculo para el Servicio El\u00e9ctrico"},"content":{"rendered":"\n<p>La unidad, fue destinada al sector Subestaciones con la finalidad de optimizar el desarrollo de sus tareas y mejorar la prestaci\u00f3n en beneficio de los asociados.<\/p>\n\n\n\n<hr class=\"wp-block-separator aligncenter has-alpha-channel-opacity\"\/>\n\n\n\n<p>Coopelectric<strong> adquiri\u00f3 un nuevo veh\u00edculo<\/strong> que <strong>se suma a la flota operativa del Servicio El\u00e9ctrico. <\/strong>Se trata de una camioneta furg\u00f3n IVECO Modelo 2023 que fue equipada como <strong>Taller M\u00f3vil <\/strong>con herramientas de trabajo, cables, grupo electr\u00f3geno, repuestos, entre otras cosas.<\/p>\n\n\n\n<p><\/p>\n\n\n\n<p>La unidad, fue <strong>destinada al sector Subestaciones<\/strong> con la finalidad de <strong>optimizar el desarrollo de sus tareas <\/strong>y mejorar la prestaci\u00f3n en beneficio de los asociados.<\/p>\n\n\n\n<p><\/p>\n\n\n\n<blockquote class=\"wp-block-quote is-layout-flow wp-block-quote-is-layout-flow\">\n<p>\u201cNos da la posibilidad de contar con un taller en el lugar donde se produzca una falla o donde tengamos que realizar tareas de mantenimiento del Servicio\u201d expres\u00f3 el gerente de Distribuci\u00f3n El\u00e9ctrica, Claudio N\u00e1poli.<\/p>\n<\/blockquote>\n\n\n\n<p><\/p>\n\n\n\n<figure class=\"wp-block-image aligncenter size-full\"><img data-recalc-dims=\"1\" loading=\"lazy\" decoding=\"async\" width=\"800\" height=\"478\" src=\"https:\/\/i0.wp.com\/cdnoticias.com\/wp-content\/uploads\/2024\/08\/coopelectric-vehiculo-taller-movil1.png?resize=800%2C478&#038;ssl=1\" alt=\"\" class=\"wp-image-123424\" srcset=\"https:\/\/i0.wp.com\/cdnoticias.com\/wp-content\/uploads\/2024\/08\/coopelectric-vehiculo-taller-movil1.png?w=900&amp;ssl=1 900w, https:\/\/i0.wp.com\/cdnoticias.com\/wp-content\/uploads\/2024\/08\/coopelectric-vehiculo-taller-movil1.png?resize=300%2C179&amp;ssl=1 300w, https:\/\/i0.wp.com\/cdnoticias.com\/wp-content\/uploads\/2024\/08\/coopelectric-vehiculo-taller-movil1.png?resize=768%2C459&amp;ssl=1 768w\" sizes=\"auto, (max-width: 800px) 100vw, 800px\" \/><\/figure>\n\n\n\n<p><\/p>\n\n\n\n<p>Sobre la inversi\u00f3n realizada, el presidente del Consejo de Administraci\u00f3n <strong>Cruz Arouxet<\/strong> expres\u00f3: <strong>\u201c<em>Una vez m\u00e1s contribuimos al desarrollo de la econom\u00eda local adquiriendo el veh\u00edculo en una concesionaria de la ciudad. El montaje del Taller y el plotteo con mensajes vinculados al uso racional de la energ\u00eda tambi\u00e9n fueron realizados por empresas de Olavarr\u00eda\u201d.<\/em><\/strong><\/p>\n\n\n\n<p><\/p>\n\n\n\n<p>\u201cLa renovaci\u00f3n de la flota de veh\u00edculos es fundamental para la labor del personal y al mismo tiempo contribuye a mejorar la calidad de servicio que brindamos a nuestros asociados\u201d concluy\u00f3 Arouxet.<\/p>\n","protected":false},"excerpt":{"rendered":"<p>La unidad, fue destinada al sector Subestaciones con la finalidad de optimizar el desarrollo de sus tareas y mejorar la<\/p>\n","protected":false},"author":6,"featured_media":123423,"comment_status":"closed","ping_status":"closed","sticky":false,"template":"","format":"standard","meta":{"_jetpack_memberships_contains_paid_content":false,"footnotes":""},"categories":[5,1],"tags":[],"class_list":["post-123421","post","type-post","status-publish","format-standard","has-post-thumbnail","hentry","category-informacion-general","category-portada"],"jetpack_featured_media_url":"https:\/\/i0.wp.com\/cdnoticias.com\/wp-content\/uploads\/2024\/08\/coopelectric-vehiculo-taller-movil.png?fit=894%2C524&ssl=1","jetpack_sharing_enabled":true,"_links":{"self":[{"href":"https:\/\/cdnoticias.com\/index.php\/wp-json\/wp\/v2\/posts\/123421","targetHints":{"allow":["GET"]}}],"collection":[{"href":"https:\/\/cdnoticias.com\/index.php\/wp-json\/wp\/v2\/posts"}],"about":[{"href":"https:\/\/cdnoticias.com\/index.php\/wp-json\/wp\/v2\/types\/post"}],"author":[{"embeddable":true,"href":"https:\/\/cdnoticias.com\/index.php\/wp-json\/wp\/v2\/users\/6"}],"replies":[{"embeddable":true,"href":"https:\/\/cdnoticias.com\/index.php\/wp-json\/wp\/v2\/comments?post=123421"}],"version-history":[{"count":0,"href":"https:\/\/cdnoticias.com\/index.php\/wp-json\/wp\/v2\/posts\/123421\/revisions"}],"wp:featuredmedia":[{"embeddable":true,"href":"https:\/\/cdnoticias.com\/index.php\/wp-json\/wp\/v2\/media\/123423"}],"wp:attachment":[{"href":"https:\/\/cdnoticias.com\/index.php\/wp-json\/wp\/v2\/media?parent=123421"}],"wp:term":[{"taxonomy":"category","embeddable":true,"href":"https:\/\/cdnoticias.com\/index.php\/wp-json\/wp\/v2\/categories?post=123421"},{"taxonomy":"post_tag","embeddable":true,"href":"https:\/\/cdnoticias.com\/index.php\/wp-json\/wp\/v2\/tags?post=123421"}],"curies":[{"name":"wp","href":"https:\/\/api.w.org\/{rel}","templated":true}]}}