{"id":123392,"date":"2024-08-20T12:54:28","date_gmt":"2024-08-20T15:54:28","guid":{"rendered":"https:\/\/cdnoticias.com\/?p=123392"},"modified":"2024-08-20T17:30:19","modified_gmt":"2024-08-20T20:30:19","slug":"robaron-el-unico-televisor-con-el-que-contaba-la-escuela-mariano-moreno","status":"publish","type":"post","link":"https:\/\/cdnoticias.com\/index.php\/2024\/08\/20\/robaron-el-unico-televisor-con-el-que-contaba-la-escuela-mariano-moreno\/","title":{"rendered":"Robaron el \u00fanico televisor con el que contaba la Escuela Mariano Moreno"},"content":{"rendered":"\n<p>Lo usaban los estudiantes de Jard\u00edn, Primaria y Secundaria para actividades escolares. Desde la instituci\u00f3n se\u00f1alaron que casi 400 alumnos quedaron &#8220;sin una herramienta fundamental de aprendizaje&#8221;. <\/p>\n\n\n\n<hr class=\"wp-block-separator has-alpha-channel-opacity\"\/>\n\n\n\n<p>Durante el \u00faltimo fin de semana se registr\u00f3 un robo en la <strong>Escuela Mariano Moreno<\/strong>, ubicada en Rep\u00fablica del L\u00edbano 1432.<\/p>\n\n\n\n<p><\/p>\n\n\n\n<p>Seg\u00fan indicaron desde el establecimiento, desconocidos ingresaron y <strong>se llevaron un televisor de 55\u2019 perteneciente tanto al Jard\u00edn Mami, como a los niveles primarios y secundarios de la Escuela.<\/strong><\/p>\n\n\n\n<p><\/p>\n\n\n\n<p>\u201cClaro que no es algo menor, no solamente porque en estos tiempos dif\u00edciles, la compra del televisor se hizo con mucho esfuerzo, sino tambi\u00e9n porque ahora<strong> nos resulta imposible la compra de uno nuevo, dejando as\u00ed a casi 400 estudiantes sin una herramienta fundamental de aprendizaje<\/strong>\u201d, indicaron en un comunicado.<\/p>\n\n\n\n<p><\/p>\n\n\n\n<p>\u201cNos llama poderosamente la atenci\u00f3n la poca sensibilidad y empat\u00eda que tienen estas personas, ya que ingresan sin permiso a una instituci\u00f3n educativa, que es justamente para los m\u00e1s chicos y <strong>nos quitan lo poco que tenemos<\/strong>\u201d, agregaron.<\/p>\n","protected":false},"excerpt":{"rendered":"<p>Lo usaban los estudiantes de Jard\u00edn, Primaria y Secundaria para actividades escolares. Desde la instituci\u00f3n se\u00f1alaron que casi 400 alumnos<\/p>\n","protected":false},"author":2,"featured_media":123393,"comment_status":"closed","ping_status":"closed","sticky":false,"template":"","format":"standard","meta":{"_jetpack_memberships_contains_paid_content":false,"footnotes":""},"categories":[14,1],"tags":[],"class_list":["post-123392","post","type-post","status-publish","format-standard","has-post-thumbnail","hentry","category-policiales","category-portada"],"jetpack_featured_media_url":"https:\/\/i0.wp.com\/cdnoticias.com\/wp-content\/uploads\/2024\/08\/escuela-mariano-moreno.jpg?fit=800%2C445&ssl=1","jetpack_sharing_enabled":true,"_links":{"self":[{"href":"https:\/\/cdnoticias.com\/index.php\/wp-json\/wp\/v2\/posts\/123392","targetHints":{"allow":["GET"]}}],"collection":[{"href":"https:\/\/cdnoticias.com\/index.php\/wp-json\/wp\/v2\/posts"}],"about":[{"href":"https:\/\/cdnoticias.com\/index.php\/wp-json\/wp\/v2\/types\/post"}],"author":[{"embeddable":true,"href":"https:\/\/cdnoticias.com\/index.php\/wp-json\/wp\/v2\/users\/2"}],"replies":[{"embeddable":true,"href":"https:\/\/cdnoticias.com\/index.php\/wp-json\/wp\/v2\/comments?post=123392"}],"version-history":[{"count":0,"href":"https:\/\/cdnoticias.com\/index.php\/wp-json\/wp\/v2\/posts\/123392\/revisions"}],"wp:featuredmedia":[{"embeddable":true,"href":"https:\/\/cdnoticias.com\/index.php\/wp-json\/wp\/v2\/media\/123393"}],"wp:attachment":[{"href":"https:\/\/cdnoticias.com\/index.php\/wp-json\/wp\/v2\/media?parent=123392"}],"wp:term":[{"taxonomy":"category","embeddable":true,"href":"https:\/\/cdnoticias.com\/index.php\/wp-json\/wp\/v2\/categories?post=123392"},{"taxonomy":"post_tag","embeddable":true,"href":"https:\/\/cdnoticias.com\/index.php\/wp-json\/wp\/v2\/tags?post=123392"}],"curies":[{"name":"wp","href":"https:\/\/api.w.org\/{rel}","templated":true}]}}