{"id":123389,"date":"2024-08-20T17:30:04","date_gmt":"2024-08-20T20:30:04","guid":{"rendered":"https:\/\/cdnoticias.com\/?p=123389"},"modified":"2024-08-20T21:00:00","modified_gmt":"2024-08-21T00:00:00","slug":"concejales-trabajan-en-la-modificacion-de-ordenanza-del-estacionamiento-medido","status":"publish","type":"post","link":"https:\/\/cdnoticias.com\/index.php\/2024\/08\/20\/concejales-trabajan-en-la-modificacion-de-ordenanza-del-estacionamiento-medido\/","title":{"rendered":"Concejales trabajan en la modificaci\u00f3n de Ordenanza del Estacionamiento Medido"},"content":{"rendered":"\n<p>Los ediles del Bloque PRO-ERF buscan retomar el proyecto que el Ejecutivo envi\u00f3 el a\u00f1o pasado.<\/p>\n\n\n\n<hr class=\"wp-block-separator has-alpha-channel-opacity\"\/>\n\n\n\n<p>Concejales del Bloque PRO-ERF trabajan en la <strong>modificaci\u00f3n de la ordenanza 4266\/18 del Estacionamiento Medido.<\/strong><\/p>\n\n\n\n<p><\/p>\n\n\n\n<p>\u201cAun habi\u00e9ndose implementado el nuevo sistema de Estacionamiento Medido,<strong> sigue siendo imperioso incorporar estas modificaciones. <\/strong>Por eso retomamos el proyecto que ten\u00edamos e insistiremos en su tratamiento\u201d, argumentaron los ediles.<\/p>\n\n\n\n<p><\/p>\n\n\n\n<p>Es as\u00ed que <strong>con base en el proyecto enviado por el Ejecutivo el a\u00f1o pasado, que fue retirado por la actual gesti\u00f3n,<\/strong> los concejales presentaron (en HCD) la documentaci\u00f3n en la jornada de este martes.<\/p>\n\n\n\n<p><\/p>\n\n\n\n<p>Las modificatorias presentadas incluyen<strong> ampliar de uno a dos los veh\u00edculos exentos por grupo familiar frentista, ampliar a 15 minutos el tiempo de cortes\u00eda y eximir del pago de estacionamiento a un veh\u00edculo por comercio que se ubique en el radio c\u00e9ntrico.<\/strong><\/p>\n","protected":false},"excerpt":{"rendered":"<p>Los ediles del Bloque PRO-ERF buscan retomar el proyecto que el Ejecutivo envi\u00f3 el a\u00f1o pasado. Concejales del Bloque PRO-ERF<\/p>\n","protected":false},"author":2,"featured_media":123390,"comment_status":"closed","ping_status":"closed","sticky":false,"template":"","format":"standard","meta":{"_jetpack_memberships_contains_paid_content":false,"footnotes":""},"categories":[4,1],"tags":[],"class_list":["post-123389","post","type-post","status-publish","format-standard","has-post-thumbnail","hentry","category-politica","category-portada"],"jetpack_featured_media_url":"https:\/\/i0.wp.com\/cdnoticias.com\/wp-content\/uploads\/2024\/08\/bloque-pro-erf-estacionamiento-medido.jpg?fit=800%2C445&ssl=1","jetpack_sharing_enabled":true,"_links":{"self":[{"href":"https:\/\/cdnoticias.com\/index.php\/wp-json\/wp\/v2\/posts\/123389","targetHints":{"allow":["GET"]}}],"collection":[{"href":"https:\/\/cdnoticias.com\/index.php\/wp-json\/wp\/v2\/posts"}],"about":[{"href":"https:\/\/cdnoticias.com\/index.php\/wp-json\/wp\/v2\/types\/post"}],"author":[{"embeddable":true,"href":"https:\/\/cdnoticias.com\/index.php\/wp-json\/wp\/v2\/users\/2"}],"replies":[{"embeddable":true,"href":"https:\/\/cdnoticias.com\/index.php\/wp-json\/wp\/v2\/comments?post=123389"}],"version-history":[{"count":0,"href":"https:\/\/cdnoticias.com\/index.php\/wp-json\/wp\/v2\/posts\/123389\/revisions"}],"wp:featuredmedia":[{"embeddable":true,"href":"https:\/\/cdnoticias.com\/index.php\/wp-json\/wp\/v2\/media\/123390"}],"wp:attachment":[{"href":"https:\/\/cdnoticias.com\/index.php\/wp-json\/wp\/v2\/media?parent=123389"}],"wp:term":[{"taxonomy":"category","embeddable":true,"href":"https:\/\/cdnoticias.com\/index.php\/wp-json\/wp\/v2\/categories?post=123389"},{"taxonomy":"post_tag","embeddable":true,"href":"https:\/\/cdnoticias.com\/index.php\/wp-json\/wp\/v2\/tags?post=123389"}],"curies":[{"name":"wp","href":"https:\/\/api.w.org\/{rel}","templated":true}]}}