{"id":123385,"date":"2024-08-20T12:13:20","date_gmt":"2024-08-20T15:13:20","guid":{"rendered":"https:\/\/cdnoticias.com\/?p=123385"},"modified":"2024-08-20T12:13:22","modified_gmt":"2024-08-20T15:13:22","slug":"violencia-familiar-dos-aprehendidos-por-desobediencia-uno-reincidente","status":"publish","type":"post","link":"https:\/\/cdnoticias.com\/index.php\/2024\/08\/20\/violencia-familiar-dos-aprehendidos-por-desobediencia-uno-reincidente\/","title":{"rendered":"Violencia familiar: dos aprehendidos por \u201cdesobediencia\u201d; uno, reincidente"},"content":{"rendered":"<p>Los hechos se dieron en Col\u00f3n al 4700. Los acusados de incumplir la restricci\u00f3n de acercamiento tienen 27 y 30 a\u00f1os.<!--more--><\/p>\n<hr \/>\n<p>Desde el <strong>Comando de Patrullas de Olavarr\u00eda<\/strong> se inform\u00f3 que <strong>los efectivos intervinieron en dos casos<\/strong> de personas que <strong>incumplieron sendas restricciones de acercamiento<\/strong>: uno de ellos, <strong>reincidente<\/strong>.<\/p>\n<p>Los casos, caratulados<strong> \u201cdesobediencia\u201d<\/strong> se dieron en<strong> Col\u00f3n al 4700<\/strong> y se pudo confirmar que son <em>miembros de una misma familia.<\/em><\/p>\n<p>El primer se registr\u00f3 este lunes.<strong> Un hombre de 30 a\u00f1os fue aprehendido<\/strong> por violar la medida de <strong>restricci\u00f3n impuesta por el Juzgado de Familia N\u00ba 1<\/strong> en la causa caratulada <strong>\u201cprotecci\u00f3n contra la violencia familiar\u201d<\/strong>. Se trata de <strong>la misma persona que hab\u00eda sido arrestada <\/strong><a href=\"https:\/\/cdnoticias.com\/index.php\/2024\/08\/19\/incumplio-la-prohibicion-de-acercamiento-y-fue-arrestado\/\" target=\"_blank\" rel=\"noopener\"><strong>el domingo<\/strong> por igual acusaci\u00f3n<\/a>.<\/p>\n<p>En tanto, este martes fue <strong>aprehendido<\/strong> en el mismo punto de Olavarr\u00eda <strong>un hombre de 27 a\u00f1os<\/strong>, imputado tambi\u00e9n por <strong>incumplimiento de la \u201cprohibici\u00f3n de acercamiento vigente, para con progenitor\u201d<\/strong> dictada por el <strong>Juzgado de Familia N\u00ba 1<\/strong>.<\/p>\n<p>En ambas oportunidades, los acusados fueron <strong>trasladados a la Seccional Segunda<\/strong> y las actuaciones por<strong> \u201cdesobediencia\u201d fueron elevadas a la UFI N\u00ba 4<\/strong>.<\/p>\n","protected":false},"excerpt":{"rendered":"<p>Los hechos se dieron en Col\u00f3n al 4700. Los acusados de incumplir la restricci\u00f3n de acercamiento tienen 27 y 30<\/p>\n","protected":false},"author":4,"featured_media":123386,"comment_status":"closed","ping_status":"closed","sticky":false,"template":"","format":"standard","meta":{"_jetpack_memberships_contains_paid_content":false,"footnotes":""},"categories":[14,1],"tags":[],"class_list":["post-123385","post","type-post","status-publish","format-standard","has-post-thumbnail","hentry","category-policiales","category-portada"],"jetpack_featured_media_url":"https:\/\/i0.wp.com\/cdnoticias.com\/wp-content\/uploads\/2024\/08\/colon-4700-desobediencias.jpg?fit=800%2C446&ssl=1","jetpack_sharing_enabled":true,"_links":{"self":[{"href":"https:\/\/cdnoticias.com\/index.php\/wp-json\/wp\/v2\/posts\/123385","targetHints":{"allow":["GET"]}}],"collection":[{"href":"https:\/\/cdnoticias.com\/index.php\/wp-json\/wp\/v2\/posts"}],"about":[{"href":"https:\/\/cdnoticias.com\/index.php\/wp-json\/wp\/v2\/types\/post"}],"author":[{"embeddable":true,"href":"https:\/\/cdnoticias.com\/index.php\/wp-json\/wp\/v2\/users\/4"}],"replies":[{"embeddable":true,"href":"https:\/\/cdnoticias.com\/index.php\/wp-json\/wp\/v2\/comments?post=123385"}],"version-history":[{"count":0,"href":"https:\/\/cdnoticias.com\/index.php\/wp-json\/wp\/v2\/posts\/123385\/revisions"}],"wp:featuredmedia":[{"embeddable":true,"href":"https:\/\/cdnoticias.com\/index.php\/wp-json\/wp\/v2\/media\/123386"}],"wp:attachment":[{"href":"https:\/\/cdnoticias.com\/index.php\/wp-json\/wp\/v2\/media?parent=123385"}],"wp:term":[{"taxonomy":"category","embeddable":true,"href":"https:\/\/cdnoticias.com\/index.php\/wp-json\/wp\/v2\/categories?post=123385"},{"taxonomy":"post_tag","embeddable":true,"href":"https:\/\/cdnoticias.com\/index.php\/wp-json\/wp\/v2\/tags?post=123385"}],"curies":[{"name":"wp","href":"https:\/\/api.w.org\/{rel}","templated":true}]}}