{"id":123372,"date":"2024-08-20T10:44:38","date_gmt":"2024-08-20T13:44:38","guid":{"rendered":"https:\/\/cdnoticias.com\/?p=123372"},"modified":"2024-08-20T12:54:48","modified_gmt":"2024-08-20T15:54:48","slug":"compro-una-moto-de-buena-fe-pero-era-robada","status":"publish","type":"post","link":"https:\/\/cdnoticias.com\/index.php\/2024\/08\/20\/compro-una-moto-de-buena-fe-pero-era-robada\/","title":{"rendered":"Compr\u00f3 una moto de buena fe, pero era robada"},"content":{"rendered":"<p>El caso se dio en nuestra ciudad. El rodado termin\u00f3 secuestrado por la Polic\u00eda. Hab\u00eda sido denunciado la semana anterior.<!--more--><\/p>\n<hr \/>\n<p>Este lunes fue <strong>recuperada una moto<\/strong> para la que se hab\u00eda emitido un<strong> pedido de secuestro por robo<\/strong>.<\/p>\n<p>Seg\u00fan se inform\u00f3 desde el<strong> Comando de Patrullas<\/strong>, que intervino en el caso, <strong>el rodado hab\u00eda sido comprado de buena fe<\/strong> por un vecino de Olavarr\u00eda.<\/p>\n<blockquote><p>Efectivos policiales que realizaban tareas de patrullaje observaron en calle Tierra del Fuego al 1900 una moto marca Keller de color roja modelo 150 cc sin dominio. Al verificar en el sistema inform\u00e1tico se estableci\u00f3 que ten\u00eda pedido de secuestro emitido desde el 10 de agosto por robo. La solicitud hab\u00eda sido emitida por la Ayudant\u00eda Fiscal de Autores Ignorados y la denuncia hab\u00eda sido radicada en la Comisar\u00eda Primera de Olavarr\u00eda.<\/p><\/blockquote>\n<p>En las averiguaciones, se determin\u00f3 que<strong> la moto hab\u00eda sido adquirida de buena fe<\/strong> por un hombre quien <strong>present\u00f3 la documentaci\u00f3n correspondiente como poseedor del veh\u00edculo.<\/strong><\/p>\n<p>Finalmente, <strong>la moto fue secuestrada<\/strong> y trasladada a la Comisar\u00eda Segunda local.<\/p>\n","protected":false},"excerpt":{"rendered":"<p>El caso se dio en nuestra ciudad. El rodado termin\u00f3 secuestrado por la Polic\u00eda. Hab\u00eda sido denunciado la semana anterior.<\/p>\n","protected":false},"author":4,"featured_media":123373,"comment_status":"closed","ping_status":"closed","sticky":false,"template":"","format":"standard","meta":{"_jetpack_memberships_contains_paid_content":false,"footnotes":""},"categories":[14,1],"tags":[],"class_list":["post-123372","post","type-post","status-publish","format-standard","has-post-thumbnail","hentry","category-policiales","category-portada"],"jetpack_featured_media_url":"https:\/\/i0.wp.com\/cdnoticias.com\/wp-content\/uploads\/2024\/08\/tierra-del-fuego-1900-moto-secuestrada.jpg?fit=600%2C335&ssl=1","jetpack_sharing_enabled":true,"_links":{"self":[{"href":"https:\/\/cdnoticias.com\/index.php\/wp-json\/wp\/v2\/posts\/123372","targetHints":{"allow":["GET"]}}],"collection":[{"href":"https:\/\/cdnoticias.com\/index.php\/wp-json\/wp\/v2\/posts"}],"about":[{"href":"https:\/\/cdnoticias.com\/index.php\/wp-json\/wp\/v2\/types\/post"}],"author":[{"embeddable":true,"href":"https:\/\/cdnoticias.com\/index.php\/wp-json\/wp\/v2\/users\/4"}],"replies":[{"embeddable":true,"href":"https:\/\/cdnoticias.com\/index.php\/wp-json\/wp\/v2\/comments?post=123372"}],"version-history":[{"count":0,"href":"https:\/\/cdnoticias.com\/index.php\/wp-json\/wp\/v2\/posts\/123372\/revisions"}],"wp:featuredmedia":[{"embeddable":true,"href":"https:\/\/cdnoticias.com\/index.php\/wp-json\/wp\/v2\/media\/123373"}],"wp:attachment":[{"href":"https:\/\/cdnoticias.com\/index.php\/wp-json\/wp\/v2\/media?parent=123372"}],"wp:term":[{"taxonomy":"category","embeddable":true,"href":"https:\/\/cdnoticias.com\/index.php\/wp-json\/wp\/v2\/categories?post=123372"},{"taxonomy":"post_tag","embeddable":true,"href":"https:\/\/cdnoticias.com\/index.php\/wp-json\/wp\/v2\/tags?post=123372"}],"curies":[{"name":"wp","href":"https:\/\/api.w.org\/{rel}","templated":true}]}}