{"id":123367,"date":"2024-08-20T09:43:54","date_gmt":"2024-08-20T12:43:54","guid":{"rendered":"https:\/\/cdnoticias.com\/?p=123367"},"modified":"2024-08-20T11:13:07","modified_gmt":"2024-08-20T14:13:07","slug":"se-suspendio-el-juicio-oral-contra-un-olavarriense-acusado-por-abuso-sexual","status":"publish","type":"post","link":"https:\/\/cdnoticias.com\/index.php\/2024\/08\/20\/se-suspendio-el-juicio-oral-contra-un-olavarriense-acusado-por-abuso-sexual\/","title":{"rendered":"Se suspendi\u00f3 el juicio oral contra un olavarriense acusado por abuso sexual"},"content":{"rendered":"<p>La postergaci\u00f3n de la audiencia, que iba a realizarse este lunes y para la que a\u00fan no se fij\u00f3 nueva fecha, se debi\u00f3 a la renuncia del abogado defensor. Lo inform\u00f3 la agrupaci\u00f3n Animate.<!--more--><\/p>\n<hr \/>\n<p><strong>Se suspendi\u00f3 el juicio oral<\/strong> contra<strong> un olavarriense acusado por \u201cabuso sexual\u201d<\/strong> que iba a concretarse en el <strong>Tribunal Oral y Criminal N\u00b0 1 de Azul<\/strong>.<\/p>\n<p><strong>Para este lunes <a href=\"https:\/\/cdnoticias.com\/index.php\/2024\/07\/27\/el-agosto-llegara-a-juicio-un-acusado-por-abuso-sexual\/\" target=\"_blank\" rel=\"noopener\">estaba programada la audiencia<\/a><\/strong>. Desde la <strong>agrupaci\u00f3n Animate<\/strong> se inform\u00f3 que fue postergada debido a que a tres d\u00edas del comienzo <strong>renunci\u00f3 el abogado defensor de Hugo Edgardo Dom\u00ednguez<\/strong>, el imputado en el caso. A\u00fan no se fij\u00f3 nueva fecha.<\/p>\n<blockquote><p>\u201cEl abogado defensor renunci\u00f3 a la causa y el juicio que estaba programado para el d\u00eda 19 de agosto fue suspendido. Las sobrevivientes se prepararon much\u00edsimo para llegar a esta instancia, que iba a ser el cierre de algo tan doloroso. Las acompa\u00f1amos y abrazamos\u201d expres\u00f3 la asociaci\u00f3n que asesora y acompa\u00f1a a v\u00edctimas de violencia sexual en Olavarr\u00eda.<\/p><\/blockquote>\n<p><strong>El caso comenz\u00f3 en 2020<\/strong>. Dom\u00ednguez, imputado por <strong>\u201cabuso sexual simple doblemente agravado\u201d<\/strong> y por<strong> \u201cabuso sexual con acceso carnal doblemente agravado\u201d<\/strong>, est\u00e1 <strong>privado de la libertad<\/strong>.<\/p>\n","protected":false},"excerpt":{"rendered":"<p>La postergaci\u00f3n de la audiencia, que iba a realizarse este lunes y para la que a\u00fan no se fij\u00f3 nueva<\/p>\n","protected":false},"author":4,"featured_media":109656,"comment_status":"closed","ping_status":"closed","sticky":false,"template":"","format":"standard","meta":{"_jetpack_memberships_contains_paid_content":false,"footnotes":""},"categories":[14,1],"tags":[],"class_list":["post-123367","post","type-post","status-publish","format-standard","has-post-thumbnail","hentry","category-policiales","category-portada"],"jetpack_featured_media_url":"https:\/\/i0.wp.com\/cdnoticias.com\/wp-content\/uploads\/2024\/02\/poder-judicial-azul-Diario-El-Tiempo.jpeg?fit=948%2C533&ssl=1","jetpack_sharing_enabled":true,"_links":{"self":[{"href":"https:\/\/cdnoticias.com\/index.php\/wp-json\/wp\/v2\/posts\/123367","targetHints":{"allow":["GET"]}}],"collection":[{"href":"https:\/\/cdnoticias.com\/index.php\/wp-json\/wp\/v2\/posts"}],"about":[{"href":"https:\/\/cdnoticias.com\/index.php\/wp-json\/wp\/v2\/types\/post"}],"author":[{"embeddable":true,"href":"https:\/\/cdnoticias.com\/index.php\/wp-json\/wp\/v2\/users\/4"}],"replies":[{"embeddable":true,"href":"https:\/\/cdnoticias.com\/index.php\/wp-json\/wp\/v2\/comments?post=123367"}],"version-history":[{"count":0,"href":"https:\/\/cdnoticias.com\/index.php\/wp-json\/wp\/v2\/posts\/123367\/revisions"}],"wp:featuredmedia":[{"embeddable":true,"href":"https:\/\/cdnoticias.com\/index.php\/wp-json\/wp\/v2\/media\/109656"}],"wp:attachment":[{"href":"https:\/\/cdnoticias.com\/index.php\/wp-json\/wp\/v2\/media?parent=123367"}],"wp:term":[{"taxonomy":"category","embeddable":true,"href":"https:\/\/cdnoticias.com\/index.php\/wp-json\/wp\/v2\/categories?post=123367"},{"taxonomy":"post_tag","embeddable":true,"href":"https:\/\/cdnoticias.com\/index.php\/wp-json\/wp\/v2\/tags?post=123367"}],"curies":[{"name":"wp","href":"https:\/\/api.w.org\/{rel}","templated":true}]}}