{"id":123348,"date":"2024-08-20T18:00:13","date_gmt":"2024-08-20T21:00:13","guid":{"rendered":"https:\/\/cdnoticias.com\/?p=123348"},"modified":"2024-08-20T18:00:15","modified_gmt":"2024-08-20T21:00:15","slug":"los-gremios-docentes-aceptaron-formalmente-la-oferta-de-kicillof","status":"publish","type":"post","link":"https:\/\/cdnoticias.com\/index.php\/2024\/08\/20\/los-gremios-docentes-aceptaron-formalmente-la-oferta-de-kicillof\/","title":{"rendered":"Los gremios docentes aceptaron formalmente la oferta de Kicillof"},"content":{"rendered":"\n<p>Todos los sindicatos del Frente de Unidad Docente Bonaerense le dieron el visto bueno. Los maestros cobrar\u00e1n un aumento del 8,5% en dos tramos.<\/p>\n\n\n\n<hr class=\"wp-block-separator aligncenter has-alpha-channel-opacity\"\/>\n\n\n\n<p>Los gremios que integran el Frente de Unidad Docente Bonaerense (FUDB) hicieron sus consultas internas y, finalmente, <strong>aceptaron la oferta del incremento del 8,5% en dos tramos <\/strong>hecha la semana pasada por el Gobierno de la provincia de Buenos Aires.<\/p>\n\n\n\n<p><\/p>\n\n\n\n<p><strong>La paritaria docente qued\u00f3 formalmente cerrada<\/strong>. Es que, seg\u00fan pudo averiguar DIB, todos los gremios del FUDB le dieron el visto bueno a la propuesta hecha por la administraci\u00f3n de Axel Kicillof.<\/p>\n\n\n\n<p><\/p>\n\n\n\n<p>Suteba realiz\u00f3 asambleas el jueves pasado para consultar a sus bases y el viernes hizo un plenario en el que la oferta se aprob\u00f3 \u201c<strong>por ampl\u00edsima mayor\u00eda\u201d.<\/strong><\/p>\n\n\n\n<p><\/p>\n\n\n\n<p>Por su parte, la FEB defini\u00f3 el \u201cok\u201d esta ma\u00f1ana tambi\u00e9n \u201cpor una ampl\u00edsima mayor\u00eda\u201d. Asimismo, la aceptaron Udocba, Sadop y AMET.<\/p>\n\n\n\n<p><\/p>\n\n\n\n<blockquote class=\"wp-block-quote is-layout-flow wp-block-quote-is-layout-flow\">\n<p>De esta manera, los maestros recibir\u00e1n un incremento del 4,5% de incremento por agosto y otro 4% por septiembre, con el compromiso de realizar un monitoreo en el noveno mes del a\u00f1o y reabrir la paritaria en octubre.<\/p>\n<\/blockquote>\n\n\n\n<p><\/p>\n\n\n\n<p>As\u00ed un maestro de grado que reci\u00e9n se inicia cobrar\u00e1 $ 500.000 en agosto y $ 514.312 en septiembre; mientras que los preceptores iniciales percibir\u00e1n $ 417.000 el mes que viene y un profesor con 20 m\u00f3dulos sin antig\u00fcedad alcanzar\u00eda los $ 664.000.<\/p>\n\n\n\n<p><\/p>\n\n\n\n<p>La semana pasada ya hab\u00edan aceptado una oferta de las mismas caracter\u00edsticas los gremios que representan a los trabajadores estatales de la ley 10.430. En tanto, hoy la Provincia se reun\u00eda con la Asociaci\u00f3n Judicial Bonaerense.<\/p>\n\n\n\n<p><\/p>\n\n\n\n<p><em>Fuente: DIB<\/em><\/p>\n","protected":false},"excerpt":{"rendered":"<p>Todos los sindicatos del Frente de Unidad Docente Bonaerense le dieron el visto bueno. Los maestros cobrar\u00e1n un aumento del<\/p>\n","protected":false},"author":6,"featured_media":123349,"comment_status":"closed","ping_status":"closed","sticky":false,"template":"","format":"standard","meta":{"_jetpack_memberships_contains_paid_content":false,"footnotes":""},"categories":[6,1],"tags":[],"class_list":["post-123348","post","type-post","status-publish","format-standard","has-post-thumbnail","hentry","category-nacionales","category-portada"],"jetpack_featured_media_url":"https:\/\/i0.wp.com\/cdnoticias.com\/wp-content\/uploads\/2024\/08\/paritarias-docente-kici.png?fit=894%2C467&ssl=1","jetpack_sharing_enabled":true,"_links":{"self":[{"href":"https:\/\/cdnoticias.com\/index.php\/wp-json\/wp\/v2\/posts\/123348","targetHints":{"allow":["GET"]}}],"collection":[{"href":"https:\/\/cdnoticias.com\/index.php\/wp-json\/wp\/v2\/posts"}],"about":[{"href":"https:\/\/cdnoticias.com\/index.php\/wp-json\/wp\/v2\/types\/post"}],"author":[{"embeddable":true,"href":"https:\/\/cdnoticias.com\/index.php\/wp-json\/wp\/v2\/users\/6"}],"replies":[{"embeddable":true,"href":"https:\/\/cdnoticias.com\/index.php\/wp-json\/wp\/v2\/comments?post=123348"}],"version-history":[{"count":0,"href":"https:\/\/cdnoticias.com\/index.php\/wp-json\/wp\/v2\/posts\/123348\/revisions"}],"wp:featuredmedia":[{"embeddable":true,"href":"https:\/\/cdnoticias.com\/index.php\/wp-json\/wp\/v2\/media\/123349"}],"wp:attachment":[{"href":"https:\/\/cdnoticias.com\/index.php\/wp-json\/wp\/v2\/media?parent=123348"}],"wp:term":[{"taxonomy":"category","embeddable":true,"href":"https:\/\/cdnoticias.com\/index.php\/wp-json\/wp\/v2\/categories?post=123348"},{"taxonomy":"post_tag","embeddable":true,"href":"https:\/\/cdnoticias.com\/index.php\/wp-json\/wp\/v2\/tags?post=123348"}],"curies":[{"name":"wp","href":"https:\/\/api.w.org\/{rel}","templated":true}]}}