{"id":123345,"date":"2024-08-19T19:34:59","date_gmt":"2024-08-19T22:34:59","guid":{"rendered":"https:\/\/cdnoticias.com\/?p=123345"},"modified":"2024-08-19T19:36:05","modified_gmt":"2024-08-19T22:36:05","slug":"azul-detuvieron-a-un-hombre-que-agredio-fisicamente-a-su-novia","status":"publish","type":"post","link":"https:\/\/cdnoticias.com\/index.php\/2024\/08\/19\/azul-detuvieron-a-un-hombre-que-agredio-fisicamente-a-su-novia\/","title":{"rendered":"Azul: detuvieron a un hombre que agredi\u00f3 f\u00edsicamente a su novia"},"content":{"rendered":"\n<p>Se inici\u00f3 una causa por \u201clesiones leves agravadas y amenazas\u201d.<\/p>\n\n\n\n<hr class=\"wp-block-separator has-alpha-channel-opacity\"\/>\n\n\n\n<p>En las \u00faltimas horas personal policial de la vecina ciudad de Azul acudi\u00f3 a la intersecci\u00f3n de avenida Madre Plaza de Mayo y Ruta 51, <strong>tras recibir un aviso sobre un incidente violento.<\/strong><\/p>\n\n\n\n<p><\/p>\n\n\n\n<p>Al llegar al lugar,<strong> los agentes encontraron a un efectivo de la Polic\u00eda Federal reduciendo a un hombre de 48 a\u00f1os,<\/strong> quien hab\u00eda sido se\u00f1alado por<strong> ejercer violencia contra una mujer dentro de su camioneta Toyota Hilux.<\/strong><\/p>\n\n\n\n<p><\/p>\n\n\n\n<p>La v\u00edctima, quien se identific\u00f3 como la novia del agresor,<strong> fue r\u00e1pidamente asistida por personal de Emergencias M\u00e9dicas<\/strong>, que se desplaz\u00f3 al lugar en una ambulancia del Hospital \u00c1ngel Pintos. Luego la mujer fue trasladada al nosocomio local para recibir atenci\u00f3n.<\/p>\n\n\n\n<p><\/p>\n\n\n\n<p>El hombre fue detenido en el lugar por las fuerzas de seguridad y se le instruyeron actuaciones por <strong>&#8220;Lesiones leves agravadas y amenazas&#8221;<\/strong> bajo la intervenci\u00f3n de la UFI en turno n\u00famero 13 del departamento judicial de Azul.<\/p>\n\n\n\n<p><\/p>\n\n\n\n<p>En tanto, las acciones legales correspondientes fueron cumplimentadas en el Destacamento Balneario Azul.<\/p>\n\n\n\n<p><\/p>\n\n\n\n<p><em>Fuente: Noticias de Azul. <\/em><\/p>\n","protected":false},"excerpt":{"rendered":"<p>Se inici\u00f3 una causa por \u201clesiones leves agravadas y amenazas\u201d. En las \u00faltimas horas personal policial de la vecina ciudad<\/p>\n","protected":false},"author":2,"featured_media":123347,"comment_status":"closed","ping_status":"closed","sticky":false,"template":"","format":"standard","meta":{"_jetpack_memberships_contains_paid_content":false,"footnotes":""},"categories":[6],"tags":[],"class_list":["post-123345","post","type-post","status-publish","format-standard","has-post-thumbnail","hentry","category-nacionales"],"jetpack_featured_media_url":"https:\/\/i0.wp.com\/cdnoticias.com\/wp-content\/uploads\/2024\/08\/detendio-violencia-genero-azul.jpg?fit=800%2C445&ssl=1","jetpack_sharing_enabled":true,"_links":{"self":[{"href":"https:\/\/cdnoticias.com\/index.php\/wp-json\/wp\/v2\/posts\/123345","targetHints":{"allow":["GET"]}}],"collection":[{"href":"https:\/\/cdnoticias.com\/index.php\/wp-json\/wp\/v2\/posts"}],"about":[{"href":"https:\/\/cdnoticias.com\/index.php\/wp-json\/wp\/v2\/types\/post"}],"author":[{"embeddable":true,"href":"https:\/\/cdnoticias.com\/index.php\/wp-json\/wp\/v2\/users\/2"}],"replies":[{"embeddable":true,"href":"https:\/\/cdnoticias.com\/index.php\/wp-json\/wp\/v2\/comments?post=123345"}],"version-history":[{"count":0,"href":"https:\/\/cdnoticias.com\/index.php\/wp-json\/wp\/v2\/posts\/123345\/revisions"}],"wp:featuredmedia":[{"embeddable":true,"href":"https:\/\/cdnoticias.com\/index.php\/wp-json\/wp\/v2\/media\/123347"}],"wp:attachment":[{"href":"https:\/\/cdnoticias.com\/index.php\/wp-json\/wp\/v2\/media?parent=123345"}],"wp:term":[{"taxonomy":"category","embeddable":true,"href":"https:\/\/cdnoticias.com\/index.php\/wp-json\/wp\/v2\/categories?post=123345"},{"taxonomy":"post_tag","embeddable":true,"href":"https:\/\/cdnoticias.com\/index.php\/wp-json\/wp\/v2\/tags?post=123345"}],"curies":[{"name":"wp","href":"https:\/\/api.w.org\/{rel}","templated":true}]}}