{"id":12334,"date":"2021-01-26T20:35:01","date_gmt":"2021-01-26T23:35:01","guid":{"rendered":"http:\/\/www.centraldenoticias.com.ar\/?p=12334"},"modified":"2021-01-26T20:35:46","modified_gmt":"2021-01-26T23:35:46","slug":"sputnik-v-parte-el-tercer-vuelo-hacia-moscu-en-busca-de-nuevas-dosis","status":"publish","type":"post","link":"https:\/\/cdnoticias.com\/index.php\/2021\/01\/26\/sputnik-v-parte-el-tercer-vuelo-hacia-moscu-en-busca-de-nuevas-dosis\/","title":{"rendered":"Sputnik V: Parte el tercer vuelo hacia Mosc\u00fa en busca de nuevas dosis"},"content":{"rendered":"<p>Este tercer vuelo culminar\u00e1 el pr\u00f3ximo jueves al mediod\u00eda, cuando el avi\u00f3n aterrice de regreso en Ezeiza.<!--more--><\/p>\n<hr \/>\n<p>El tercer vuelo de Aerol\u00edneas Argentinas a Rusia para traer al pa\u00eds una nueva partida de dosis de la vacuna contra el coronavirus <strong>partir\u00e1 este martes por la noche desde el Aeropuerto de Ezeiza hacia Mosc\u00fa<\/strong>, inform\u00f3 el presidente de la empresa a\u00e9rea, Pablo Ceriani.<\/p>\n<p>&nbsp;<\/p>\n<p>El vuelo AR1062 despegar\u00e1 con destino a la capital de Rusia y<strong> llegar\u00e1 a esa ciudad este mi\u00e9rcoles aproximadamente a las 13, hora de Argentina.<\/strong><\/p>\n<p>&nbsp;<\/p>\n<blockquote><p>Est\u00e1 previsto que el avi\u00f3n, un Airbus 330-200, est\u00e9 de regreso en el pa\u00eds el pr\u00f3ximo jueves antes del mediod\u00eda.<\/p><\/blockquote>\n<p>&nbsp;<\/p>\n<p>El primero de los vuelos que transport\u00f3 <strong>la primera partida de vacunas lleg\u00f3 a la Argentina el 24 de diciembre con 300.000 dosis, mientras que el segundo lo hizo el 16 de este mes con la misma cantidad.<\/strong> En este caso fue la segunda dosis para completar la vacunaci\u00f3n de 300.000 personas que ya est\u00e1n siendo inoculadas en todo el pa\u00eds.<\/p>\n<p>&nbsp;<\/p>\n<p>Tal como ocurri\u00f3 con los otros dos viajes, este vuelo a Mosc\u00fa se concreta de forma directa, sin escala t\u00e9cnica, <strong>bajo la denominaci\u00f3n de &#8220;ferry&#8221;<\/strong>, es decir, cuando la aeronave va vac\u00eda, solo con su tripulaci\u00f3n de cabina e incluso t\u00e9cnicos de mantenimiento y de carga, seg\u00fan el caso.<\/p>\n<p>&nbsp;<\/p>\n<p>La traves\u00eda tambi\u00e9n estar\u00e1 a cargo de<strong> 10 tripulantes<\/strong>, entre pilotos y copilotos, que se ir\u00e1n alternando al comando de la nave, a los que se suman despachantes, t\u00e9cnicos y personal de carga, para llegar al total de 18 personas.<\/p>\n<p>&nbsp;<\/p>\n<p>Est\u00e1 previsto que el viaje demande <strong>entre 15 y 16 horas<\/strong> volando sobre Uruguay, Brasil hasta la altura de la ciudad de Recife y desde all\u00ed iniciar el cruce del Oc\u00e9ano Atl\u00e1ntico e ingresar al continente europeo por Espa\u00f1a. Luego hay un sobrevuelo por Francia, Suiza, Alemania, Rep\u00fablica Checa, Polonia y Bielorrusia, y finalmente entrar\u00e1 al espacio a\u00e9reo ruso hasta su aterrizaje en el Aeropuerto Internacional Sherem\u00e9tievo.<\/p>\n<p>&nbsp;<\/p>\n<p>El tiempo de carga en Mosc\u00fa, partiendo de la base de las experiencias anteriores, <strong>no deber\u00eda demandar m\u00e1s de cinco horas.<\/strong><\/p>\n<p>&nbsp;<\/p>\n<p><em>Con informaci\u00f3n de T\u00e9lam.<\/em><\/p>\n","protected":false},"excerpt":{"rendered":"<p>Este tercer vuelo culminar\u00e1 el pr\u00f3ximo jueves al mediod\u00eda, cuando el avi\u00f3n aterrice de regreso en Ezeiza.<\/p>\n","protected":false},"author":5,"featured_media":12097,"comment_status":"closed","ping_status":"closed","sticky":false,"template":"","format":"standard","meta":{"_jetpack_memberships_contains_paid_content":false,"footnotes":""},"categories":[6,1],"tags":[],"class_list":["post-12334","post","type-post","status-publish","format-standard","has-post-thumbnail","hentry","category-nacionales","category-portada"],"jetpack_featured_media_url":"https:\/\/i0.wp.com\/cdnoticias.com\/wp-content\/uploads\/2021\/01\/5fe39f69e6500_1004x565.jpg?fit=1004%2C565&ssl=1","jetpack_sharing_enabled":true,"_links":{"self":[{"href":"https:\/\/cdnoticias.com\/index.php\/wp-json\/wp\/v2\/posts\/12334","targetHints":{"allow":["GET"]}}],"collection":[{"href":"https:\/\/cdnoticias.com\/index.php\/wp-json\/wp\/v2\/posts"}],"about":[{"href":"https:\/\/cdnoticias.com\/index.php\/wp-json\/wp\/v2\/types\/post"}],"author":[{"embeddable":true,"href":"https:\/\/cdnoticias.com\/index.php\/wp-json\/wp\/v2\/users\/5"}],"replies":[{"embeddable":true,"href":"https:\/\/cdnoticias.com\/index.php\/wp-json\/wp\/v2\/comments?post=12334"}],"version-history":[{"count":0,"href":"https:\/\/cdnoticias.com\/index.php\/wp-json\/wp\/v2\/posts\/12334\/revisions"}],"wp:featuredmedia":[{"embeddable":true,"href":"https:\/\/cdnoticias.com\/index.php\/wp-json\/wp\/v2\/media\/12097"}],"wp:attachment":[{"href":"https:\/\/cdnoticias.com\/index.php\/wp-json\/wp\/v2\/media?parent=12334"}],"wp:term":[{"taxonomy":"category","embeddable":true,"href":"https:\/\/cdnoticias.com\/index.php\/wp-json\/wp\/v2\/categories?post=12334"},{"taxonomy":"post_tag","embeddable":true,"href":"https:\/\/cdnoticias.com\/index.php\/wp-json\/wp\/v2\/tags?post=12334"}],"curies":[{"name":"wp","href":"https:\/\/api.w.org\/{rel}","templated":true}]}}