{"id":123339,"date":"2024-08-19T19:05:52","date_gmt":"2024-08-19T22:05:52","guid":{"rendered":"https:\/\/cdnoticias.com\/?p=123339"},"modified":"2024-08-19T19:05:54","modified_gmt":"2024-08-19T22:05:54","slug":"la-direccion-de-discapacidad-y-personas-mayores-atendera-en-el-barrio-amparo-castro","status":"publish","type":"post","link":"https:\/\/cdnoticias.com\/index.php\/2024\/08\/19\/la-direccion-de-discapacidad-y-personas-mayores-atendera-en-el-barrio-amparo-castro\/","title":{"rendered":"La Direcci\u00f3n de Discapacidad y Personas Mayores atender\u00e1 en el barrio Amparo Castro"},"content":{"rendered":"\n<p>Ser\u00e1 este mi\u00e9rcoles 21 en el horario de 10:00 a 11:30 horas. Se podr\u00e1n gestionar diversos tr\u00e1mites as\u00ed como evacuar dudas y conocer los programas y servicios que se ofrecen desde dicha \u00e1rea.<\/p>\n\n\n\n<hr class=\"wp-block-separator aligncenter has-alpha-channel-opacity\"\/>\n\n\n\n<p>Personal de la <strong>Direcci\u00f3n de Discapacidad y Personas Mayores,<\/strong> dependiente de la Subsecretar\u00eda de Desarrollo Social, contin\u00faa el operativo de atenci\u00f3n descentralizada, que desde hace ya varias semanas se encuentran recorriendo distintos puntos de la ciudad y el Partido de Olavarr\u00eda.<\/p>\n\n\n\n<p><\/p>\n\n\n\n<p>Es en ese marco que <strong>este mi\u00e9rcoles estar\u00e1n en la Junta Vecinal del barrio Amparo Castro<\/strong>, situada sobre Aguilar 2250, <strong>en el horario de 10:00 a 11:30 horas.<\/strong><\/p>\n\n\n\n<p><\/p>\n\n\n\n<p>Se invita a acercarse a las personas interesadas, tanto del citado barrio como de sectores linderos, ya que all\u00ed tendr\u00e1n la posibilidad de <strong>gestionar diversos tr\u00e1mites, <\/strong>como as\u00ed tambi\u00e9n <strong>evacuar inquietudes<\/strong> y conocer los programas y servicios que se ofrecen desde dicha \u00e1rea.<\/p>\n\n\n\n<p><\/p>\n\n\n\n<p>Se detall\u00f3, por ejemplo, que personas con discapacidad <strong>podr\u00e1n iniciar el tr\u00e1mite del Certificado \u00danico de Discapacidad (CUD)<\/strong> e informarse sobre todo lo que respecta a actualizaciones y pr\u00f3rroga, pase libre, gestiones vehiculares y demarcaciones.<\/p>\n\n\n\n<p><\/p>\n\n\n\n<p>El calendario del corriente mes contempla tambi\u00e9n el barrio <strong>Hip\u00f3lito Yrigoyen<\/strong>, donde se atender\u00e1 el mi\u00e9rcoles 28. Ser\u00e1 tambi\u00e9n de <strong>10:00 a 11:30 horas, en el Servicio Territorial N\u00b0 4 de Rufino Fal 4124.<\/strong><\/p>\n\n\n\n<p><\/p>\n\n\n\n<p>Por \u00faltimo, se recuerda que la sede de la Direcci\u00f3n Municipal de Discapacidad y Personas Mayores se encuentra ubicada en Las Heras 5398 (esquina La Rioja), con horario de atenci\u00f3n de <strong>lunes a viernes en el horario de 7:00 a 13:00 horas.<\/strong><\/p>\n\n\n\n<p><\/p>\n\n\n\n<p>Adem\u00e1s, se pueden comunicar telef\u00f3nicamente al n\u00famero 2284- 300138, l\u00ednea habilitada adem\u00e1s para enviar mensajes a trav\u00e9s de WhatsApp.<\/p>\n","protected":false},"excerpt":{"rendered":"<p>Ser\u00e1 este mi\u00e9rcoles 21 en el horario de 10:00 a 11:30 horas. Se podr\u00e1n gestionar diversos tr\u00e1mites as\u00ed como evacuar<\/p>\n","protected":false},"author":6,"featured_media":122768,"comment_status":"closed","ping_status":"closed","sticky":false,"template":"","format":"standard","meta":{"_jetpack_memberships_contains_paid_content":false,"footnotes":""},"categories":[5,1],"tags":[],"class_list":["post-123339","post","type-post","status-publish","format-standard","has-post-thumbnail","hentry","category-informacion-general","category-portada"],"jetpack_featured_media_url":"https:\/\/i0.wp.com\/cdnoticias.com\/wp-content\/uploads\/2024\/08\/dirrecion-de-dicapacidad.png?fit=900%2C405&ssl=1","jetpack_sharing_enabled":true,"_links":{"self":[{"href":"https:\/\/cdnoticias.com\/index.php\/wp-json\/wp\/v2\/posts\/123339","targetHints":{"allow":["GET"]}}],"collection":[{"href":"https:\/\/cdnoticias.com\/index.php\/wp-json\/wp\/v2\/posts"}],"about":[{"href":"https:\/\/cdnoticias.com\/index.php\/wp-json\/wp\/v2\/types\/post"}],"author":[{"embeddable":true,"href":"https:\/\/cdnoticias.com\/index.php\/wp-json\/wp\/v2\/users\/6"}],"replies":[{"embeddable":true,"href":"https:\/\/cdnoticias.com\/index.php\/wp-json\/wp\/v2\/comments?post=123339"}],"version-history":[{"count":0,"href":"https:\/\/cdnoticias.com\/index.php\/wp-json\/wp\/v2\/posts\/123339\/revisions"}],"wp:featuredmedia":[{"embeddable":true,"href":"https:\/\/cdnoticias.com\/index.php\/wp-json\/wp\/v2\/media\/122768"}],"wp:attachment":[{"href":"https:\/\/cdnoticias.com\/index.php\/wp-json\/wp\/v2\/media?parent=123339"}],"wp:term":[{"taxonomy":"category","embeddable":true,"href":"https:\/\/cdnoticias.com\/index.php\/wp-json\/wp\/v2\/categories?post=123339"},{"taxonomy":"post_tag","embeddable":true,"href":"https:\/\/cdnoticias.com\/index.php\/wp-json\/wp\/v2\/tags?post=123339"}],"curies":[{"name":"wp","href":"https:\/\/api.w.org\/{rel}","templated":true}]}}