{"id":123327,"date":"2024-08-19T14:43:25","date_gmt":"2024-08-19T17:43:25","guid":{"rendered":"https:\/\/cdnoticias.com\/?p=123327"},"modified":"2024-08-19T14:43:27","modified_gmt":"2024-08-19T17:43:27","slug":"fallecio-la-profesora-tusnelda-heiland","status":"publish","type":"post","link":"https:\/\/cdnoticias.com\/index.php\/2024\/08\/19\/fallecio-la-profesora-tusnelda-heiland\/","title":{"rendered":"Falleci\u00f3 la profesora Tusnelda Heiland"},"content":{"rendered":"<p>La reconocida profesora muri\u00f3 en Alemania el domingo 4 de agosto. Se har\u00e1 una misa en su memoria el pr\u00f3ximo domingo en la capilla de Colonia Nievas.<\/p>\n<p><!--more--><\/p>\n<hr \/>\n<p>Desde <strong>Colonia Nievas<\/strong> se dio a conocer el <strong>fallecimiento de la profesora Tusnelda Heiland<\/strong>. Se indic\u00f3 que su muerte se produjo <strong>en Alemania<\/strong> el domingo <strong>4 de agosto.<\/strong><\/p>\n<p>Se familia y amigos informaron que <strong>se har\u00e1 una misa en su memoria<\/strong> que se celebrar\u00e1 el <strong>domingo 25 de agosto<\/strong> a las <strong>16 horas<\/strong> en la <strong>capilla de Colonia Nievas, Iglesia San Miguel Arc\u00e1ngel<\/strong>, para darle un \u00faltimo adi\u00f3s en Argentina.<\/p>\n<p><img data-recalc-dims=\"1\" loading=\"lazy\" decoding=\"async\" class=\"size-full wp-image-123329 aligncenter\" src=\"https:\/\/i0.wp.com\/cdnoticias.com\/wp-content\/uploads\/2024\/08\/tusnelda-heiland-01.jpg?resize=800%2C445&#038;ssl=1\" alt=\"\" width=\"800\" height=\"445\" srcset=\"https:\/\/i0.wp.com\/cdnoticias.com\/wp-content\/uploads\/2024\/08\/tusnelda-heiland-01.jpg?w=800&amp;ssl=1 800w, https:\/\/i0.wp.com\/cdnoticias.com\/wp-content\/uploads\/2024\/08\/tusnelda-heiland-01.jpg?resize=300%2C167&amp;ssl=1 300w, https:\/\/i0.wp.com\/cdnoticias.com\/wp-content\/uploads\/2024\/08\/tusnelda-heiland-01.jpg?resize=768%2C427&amp;ssl=1 768w\" sizes=\"auto, (max-width: 800px) 100vw, 800px\" \/><\/p>\n<h5>Comunicado de vecinos de Colonia Nievas<\/h5>\n<p><em>Profesora Tusnelda Heiland: Un Legado de Dedicaci\u00f3n a la Cultura Alemana del Volga en Olavarr\u00eda.<\/em><\/p>\n<p><em>El domingo 4 de agosto ppdo falleci\u00f3 en Alemania la conocida Profesora Tusnelda Heiland. Descendiente directo de aquellos Alemanes venidos del Volga a poblar nuestro Pa\u00eds; sus antepasados fueron integrantes de quienes fundaron Colonia Nievas.<\/em><\/p>\n<p><em>La profesora Tusnelda Heiland fue una figura fundamental en la ense\u00f1anza del idioma y la cultura alemana del Volga en nuestra comunidad. Dedic\u00f3 gran parte de su vida a impartir sus conocimientos en las tres colonias alemanas de nuestro Partido, dejando una huella imborrable en generaciones de estudiantes y en la cultura local y zonal. Brind\u00f3 clases y talleres formales de idioma Alem\u00e1n durante m\u00e1s de quince a\u00f1os en Colonia Hinojo, Colonia San Miguel, Olavarria y Azul, y tambi\u00e9n en su af\u00e1n de difundir el idioma ofreci\u00f3 clases informales en Colonia Nievas. Asimismo con el \u00edmpetu y fortaleza que la caracterizaba colabor\u00f3 en cuanto evento y celebraci\u00f3n cultural era requerida.<\/em><\/p>\n<p><em>Su vasto conocimiento sobre este idioma estaba respaldado por una vida de investigaci\u00f3n y perfeccionamiento; destac\u00e1ndose que rindi\u00f3 ex\u00e1menes de perfeccionamiento en el Instituto Goethe de la Ciudad de Rothenburg ob der Tauber, Alemania. Fue miembro de Asociaci\u00f3n de Ex-Becarios de la Rep\u00fablica Federal Alemana (AERFA), miembro de la Asociaci\u00f3n Argentina de Docentes de Idioma Alem\u00e1n (VDLDA), entre muchos otros congresos y eventos afines de los cuales particip\u00f3.<\/em><\/p>\n<p><em>Tusnelda Heiland fue formadora de muchos de los actuales profesores y, no solo ense\u00f1\u00f3 el idioma alem\u00e1n con una habilidad excepcional, sino que tambi\u00e9n sus clases estaban impregnadas de historias, tradiciones y costumbres, ofreciendo a sus estudiantes una visi\u00f3n aut\u00e9ntica de la cultura que tanto amaba ya que con sus m\u00e1s de treinta viajes a Europa y la regi\u00f3n del R\u00edo Volga en Rusia, pose\u00eda un gran entendimiento del lugar y su gente.<\/em><\/p>\n<p><em>Adem\u00e1s de su labor educativa, la profesora Heiland fue una ferviente defensora de la preservaci\u00f3n de las tradiciones alemanas, colaboradora incansable en las Colonias. Formaba parte del Grupo de Capilla de Colonia Nievas e integrante de Colonias Alemanas del Partido de Olavarr\u00eda.<\/em><\/p>\n<p><em>Su partida ha causado profundo dolor en nuestro medio pero su legado contin\u00faa vivo en los corazones de aquellos que tuvieron el privilegio de ser sus alumnos, as\u00ed como en las tradiciones y costumbres que siguen siendo parte integral de la vida en nuestras colonias.<\/em><\/p>\n","protected":false},"excerpt":{"rendered":"<p>La reconocida profesora muri\u00f3 en Alemania el domingo 4 de agosto. Se har\u00e1 una misa en su memoria el pr\u00f3ximo<\/p>\n","protected":false},"author":4,"featured_media":123328,"comment_status":"closed","ping_status":"closed","sticky":false,"template":"","format":"standard","meta":{"_jetpack_memberships_contains_paid_content":false,"footnotes":""},"categories":[5,1],"tags":[],"class_list":["post-123327","post","type-post","status-publish","format-standard","has-post-thumbnail","hentry","category-informacion-general","category-portada"],"jetpack_featured_media_url":"https:\/\/i0.wp.com\/cdnoticias.com\/wp-content\/uploads\/2024\/08\/tusnelda-heiland-00.jpg?fit=800%2C445&ssl=1","jetpack_sharing_enabled":true,"_links":{"self":[{"href":"https:\/\/cdnoticias.com\/index.php\/wp-json\/wp\/v2\/posts\/123327","targetHints":{"allow":["GET"]}}],"collection":[{"href":"https:\/\/cdnoticias.com\/index.php\/wp-json\/wp\/v2\/posts"}],"about":[{"href":"https:\/\/cdnoticias.com\/index.php\/wp-json\/wp\/v2\/types\/post"}],"author":[{"embeddable":true,"href":"https:\/\/cdnoticias.com\/index.php\/wp-json\/wp\/v2\/users\/4"}],"replies":[{"embeddable":true,"href":"https:\/\/cdnoticias.com\/index.php\/wp-json\/wp\/v2\/comments?post=123327"}],"version-history":[{"count":0,"href":"https:\/\/cdnoticias.com\/index.php\/wp-json\/wp\/v2\/posts\/123327\/revisions"}],"wp:featuredmedia":[{"embeddable":true,"href":"https:\/\/cdnoticias.com\/index.php\/wp-json\/wp\/v2\/media\/123328"}],"wp:attachment":[{"href":"https:\/\/cdnoticias.com\/index.php\/wp-json\/wp\/v2\/media?parent=123327"}],"wp:term":[{"taxonomy":"category","embeddable":true,"href":"https:\/\/cdnoticias.com\/index.php\/wp-json\/wp\/v2\/categories?post=123327"},{"taxonomy":"post_tag","embeddable":true,"href":"https:\/\/cdnoticias.com\/index.php\/wp-json\/wp\/v2\/tags?post=123327"}],"curies":[{"name":"wp","href":"https:\/\/api.w.org\/{rel}","templated":true}]}}