{"id":123315,"date":"2024-08-19T13:50:08","date_gmt":"2024-08-19T16:50:08","guid":{"rendered":"https:\/\/cdnoticias.com\/?p=123315"},"modified":"2024-08-19T13:50:10","modified_gmt":"2024-08-19T16:50:10","slug":"alivio-para-intendentes-provincia-aumenta-los-fondos-que-ioma-gira-a-los-hospitales-municipales","status":"publish","type":"post","link":"https:\/\/cdnoticias.com\/index.php\/2024\/08\/19\/alivio-para-intendentes-provincia-aumenta-los-fondos-que-ioma-gira-a-los-hospitales-municipales\/","title":{"rendered":"Alivio para intendentes: Provincia aumenta los fondos que IOMA gira a los hospitales municipales"},"content":{"rendered":"<p>\u201cHay un traspaso de la atenci\u00f3n de la poblaci\u00f3n del sector privado al sector p\u00fablico muy importante\u201d, advirti\u00f3 el ministro de Salud, Nicol\u00e1s Kreplak.<!--more--><\/p>\n<hr \/>\n<p>El <strong>Gobierno bonaerense anunci\u00f3 incrementos en los aportes que hace el IOMA a los hospitales p\u00fablicos municipales<\/strong>, lo que significa un<strong> fuerte alivio para los intendentes<\/strong>, quienes ven\u00edan advirtiendo sobre la imposibilidad de sostener la salud p\u00fablica distrital en el marco del<em> fuerte traspaso de la atenci\u00f3n del sector privado a los nosocomios locales.<\/em><\/p>\n<p>El anuncio lo hizo este lunes el <strong>ministro de Salud de la provincia de Buenos Aires, Nicol\u00e1s Kreplak<\/strong> en conferencia de prensa junto a su par de<a href=\"https:\/\/cdnoticias.com\/index.php\/2024\/08\/19\/el-miercoles-llegara-axel-kicillof-a-olavarria\/\" target=\"_blank\" rel=\"noopener\"> Gobierno, Carlos Bianco, y de Econom\u00eda, Pablo L\u00f3pez.<\/a><\/p>\n<blockquote><p>El funcionario sostuvo que la actualizaci\u00f3n de los valores es \u201csignificativa\u201d y fundamental \u201cpara estabilizar las cuentas en los municipios\u201d, que desde principios de este a\u00f1o ven\u00edan advirtiendo sobre el crecimiento de la atenci\u00f3n en los hospitales locales y los fuertes aumentos de costos en servicios y medicamentos.<\/p><\/blockquote>\n<p><img data-recalc-dims=\"1\" loading=\"lazy\" decoding=\"async\" class=\"size-full wp-image-123316 aligncenter\" src=\"https:\/\/i0.wp.com\/cdnoticias.com\/wp-content\/uploads\/2024\/08\/ministerio-de-salud-pago-a-hospitales-municipales.jpg?resize=800%2C366&#038;ssl=1\" alt=\"\" width=\"800\" height=\"366\" srcset=\"https:\/\/i0.wp.com\/cdnoticias.com\/wp-content\/uploads\/2024\/08\/ministerio-de-salud-pago-a-hospitales-municipales.jpg?w=1024&amp;ssl=1 1024w, https:\/\/i0.wp.com\/cdnoticias.com\/wp-content\/uploads\/2024\/08\/ministerio-de-salud-pago-a-hospitales-municipales.jpg?resize=300%2C137&amp;ssl=1 300w, https:\/\/i0.wp.com\/cdnoticias.com\/wp-content\/uploads\/2024\/08\/ministerio-de-salud-pago-a-hospitales-municipales.jpg?resize=768%2C351&amp;ssl=1 768w\" sizes=\"auto, (max-width: 800px) 100vw, 800px\" \/><\/p>\n<blockquote><p>\u201cHay un traspaso de la atenci\u00f3n de la poblaci\u00f3n del sector privado al sector p\u00fablico muy importante por la crisis econ\u00f3mica\u201d, reconoci\u00f3 Kreplak. As\u00ed, el aumento del valor de las prestaciones ser\u00e1 en tres \u00edtems: los gastos sanatoriales, que rondar\u00e1n una suba del 90%; las consultas m\u00e9dicas habituales, con un incremento del 248% y las consultas en guardia, donde m\u00e1s subi\u00f3 la demanda, ser\u00e1 de 762%.<\/p><\/blockquote>\n<p>Cabe se\u00f1alar que d\u00edas atr\u00e1s, <strong>el ministro hab\u00eda presentado los resultados de una encuesta de acceso a la salud<\/strong> que advert\u00eda que el <strong>80% de las consultas en guardias se realizaban en el sector p\u00fablico<\/strong>, pese a que el 65% de la poblaci\u00f3n bonaerense cuenta con obra social o prepaga.<\/p>\n<p>Durante la conferencia y a modo de ejemplo,<em> Kreplak detall\u00f3 las actualizaciones de los valores para Tandil<\/em>. Se\u00f1al\u00f3 un aumento del 179% en la facturaci\u00f3n de prestaciones del municipio a IOMA. Cabe recordar que el intendente local, Miguel \u00c1ngel Lunghi fue uno de los primeros en advertir sobre la problem\u00e1tica de los hospitales municipales a principios de este a\u00f1o, lo que luego se convirti\u00f3 en uno de los principales reclamos de los jefes comunales radicales.<\/p>\n<p><img data-recalc-dims=\"1\" loading=\"lazy\" decoding=\"async\" class=\"aligncenter wp-image-118844\" src=\"https:\/\/i0.wp.com\/cdnoticias.com\/wp-content\/uploads\/2024\/06\/kreplak-olavarria4.jpg?resize=800%2C445&#038;ssl=1\" alt=\"\" width=\"800\" height=\"445\" srcset=\"https:\/\/i0.wp.com\/cdnoticias.com\/wp-content\/uploads\/2024\/06\/kreplak-olavarria4.jpg?resize=1024%2C570&amp;ssl=1 1024w, https:\/\/i0.wp.com\/cdnoticias.com\/wp-content\/uploads\/2024\/06\/kreplak-olavarria4.jpg?resize=300%2C167&amp;ssl=1 300w, https:\/\/i0.wp.com\/cdnoticias.com\/wp-content\/uploads\/2024\/06\/kreplak-olavarria4.jpg?resize=768%2C428&amp;ssl=1 768w, https:\/\/i0.wp.com\/cdnoticias.com\/wp-content\/uploads\/2024\/06\/kreplak-olavarria4.jpg?resize=800%2C445&amp;ssl=1 800w, https:\/\/i0.wp.com\/cdnoticias.com\/wp-content\/uploads\/2024\/06\/kreplak-olavarria4.jpg?w=1072&amp;ssl=1 1072w\" sizes=\"auto, (max-width: 800px) 100vw, 800px\" \/><\/p>\n<p>No obstante, la situaci\u00f3n acuciante para la salud local no solo preocupa a intendentes de la UCR. D\u00edas atr\u00e1s, el<em> intendente de Coronel Su\u00e1rez, Ricardo Moccero, advirti\u00f3 que ya ejecut\u00f3 la totalidad del presupuesto destinado para la salud<\/em> y que no podr\u00e1 sostener el hospital municipal sin colaboraci\u00f3n.<\/p>\n<p>\u201cDurante la gesti\u00f3n 2015-2019 no se realizaron incrementos en los nomencladores de hospitales p\u00fablicos.<strong> A partir del 2020 se comenz\u00f3 a actualizar el valor de las prestaciones\u201d<\/strong>, record\u00f3 Kreplak.<\/p>\n<blockquote><p>\u201cAnte la crisis que est\u00e1 atravesando el sector privado debido a las pol\u00edticas econ\u00f3micas del Gobierno nacional, estamos fortaleciendo al sistema p\u00fablico para hacer frente al enorme traspaso de la atenci\u00f3n\u201d, sostuvo el ministro de Salud, al tiempo que destac\u00f3 que \u201cesta medida apunta a estabilizar las cuentas de los hospitales p\u00fablicos municipales que est\u00e1n afrontando costos muy por encima de la inflaci\u00f3n general\u201d.<\/p><\/blockquote>\n<p>Los hospitales p\u00fablicos municipales recibir\u00e1n estos fondos a trav\u00e9s del <strong>sistema de recupero SAMO<\/strong>. \u201cPara los municipios no adheridos a SAMO el aumento entra en vigencia con la firma del nuevo convenio. Para los municipios adheridos a SAMO no se requiere firma y entra en vigencia a partir de septiembre\u201d, detallaron desde Salud.<\/p>\n<p>Fuente: <em>Agencia DIB<\/em><\/p>\n","protected":false},"excerpt":{"rendered":"<p>\u201cHay un traspaso de la atenci\u00f3n de la poblaci\u00f3n del sector privado al sector p\u00fablico muy importante\u201d, advirti\u00f3 el ministro<\/p>\n","protected":false},"author":4,"featured_media":100530,"comment_status":"closed","ping_status":"closed","sticky":false,"template":"","format":"standard","meta":{"_jetpack_memberships_contains_paid_content":false,"footnotes":""},"categories":[6,1],"tags":[],"class_list":["post-123315","post","type-post","status-publish","format-standard","has-post-thumbnail","hentry","category-nacionales","category-portada"],"jetpack_featured_media_url":"https:\/\/i0.wp.com\/cdnoticias.com\/wp-content\/uploads\/2023\/10\/Salud-Frente-Hospital-1024x682-1.jpeg?fit=1024%2C682&ssl=1","jetpack_sharing_enabled":true,"_links":{"self":[{"href":"https:\/\/cdnoticias.com\/index.php\/wp-json\/wp\/v2\/posts\/123315","targetHints":{"allow":["GET"]}}],"collection":[{"href":"https:\/\/cdnoticias.com\/index.php\/wp-json\/wp\/v2\/posts"}],"about":[{"href":"https:\/\/cdnoticias.com\/index.php\/wp-json\/wp\/v2\/types\/post"}],"author":[{"embeddable":true,"href":"https:\/\/cdnoticias.com\/index.php\/wp-json\/wp\/v2\/users\/4"}],"replies":[{"embeddable":true,"href":"https:\/\/cdnoticias.com\/index.php\/wp-json\/wp\/v2\/comments?post=123315"}],"version-history":[{"count":0,"href":"https:\/\/cdnoticias.com\/index.php\/wp-json\/wp\/v2\/posts\/123315\/revisions"}],"wp:featuredmedia":[{"embeddable":true,"href":"https:\/\/cdnoticias.com\/index.php\/wp-json\/wp\/v2\/media\/100530"}],"wp:attachment":[{"href":"https:\/\/cdnoticias.com\/index.php\/wp-json\/wp\/v2\/media?parent=123315"}],"wp:term":[{"taxonomy":"category","embeddable":true,"href":"https:\/\/cdnoticias.com\/index.php\/wp-json\/wp\/v2\/categories?post=123315"},{"taxonomy":"post_tag","embeddable":true,"href":"https:\/\/cdnoticias.com\/index.php\/wp-json\/wp\/v2\/tags?post=123315"}],"curies":[{"name":"wp","href":"https:\/\/api.w.org\/{rel}","templated":true}]}}