{"id":123305,"date":"2024-08-18T23:18:08","date_gmt":"2024-08-19T14:20:39","guid":{"rendered":"https:\/\/cdnoticias.com\/?p=123305"},"modified":"2025-02-13T21:42:43","modified_gmt":"2025-02-14T00:42:43","slug":"volvio-el-futbol-local-se-puso-en-marcha-el-torneo-fatiga-russo","status":"publish","type":"post","link":"https:\/\/cdnoticias.com\/index.php\/2024\/08\/18\/volvio-el-futbol-local-se-puso-en-marcha-el-torneo-fatiga-russo\/","title":{"rendered":"Volvi\u00f3 el f\u00fatbol local: se puso en marcha el Torneo \u201cFatiga\u201d Russo"},"content":{"rendered":"<p>Este domingo, en varios escenarios de la ciudad, se jug\u00f3 la 1\u00b0 fecha de la competencia oficial organizada por la Liga de F\u00fatbol. Hubo festejos para Racing, Estudiantes, Municipales y Loma Negra.<!--more--><\/p>\n<hr \/>\n<p>Con mayor\u00edas de triunfos locales, este domingo regres\u00f3 la acci\u00f3n del f\u00fatbol dom\u00e9stico a los escenarios olavarrienses y se jug\u00f3, de forma incompleta, la <strong>1\u00b0 fecha del Torneo Oficial \u201cFatiga\u201d Russo<\/strong>. Con descanso para <strong>Ferro<\/strong>, quien disput\u00f3 la final del Interligas siete d\u00edas atr\u00e1s, qued\u00f3 postergado el cruce contra <strong>San Mart\u00edn<\/strong> en ambas categor\u00edas.<\/p>\n<p>&nbsp;<\/p>\n<p>La jornada inici\u00f3 en horas del mediod\u00eda con el puntapi\u00e9 inicial del homenajeado <strong>Francisco \u201cFatiga\u201d Russo<\/strong> en el Buglione Martinese y la posterior victoria de <strong>Racing<\/strong> por la m\u00ednima diferencia frente a <strong>El Fort\u00edn<\/strong>.<\/p>\n<p>&nbsp;<\/p>\n<p><img data-recalc-dims=\"1\" loading=\"lazy\" decoding=\"async\" class=\"aligncenter size-full wp-image-54169\" src=\"https:\/\/i0.wp.com\/cdnoticias.com\/wp-content\/uploads\/2024\/08\/TOFR-Racing-vs-El-Fortin-1%C2%B0-Fecha1.jpeg?resize=800%2C533&#038;ssl=1\" alt=\"\" width=\"800\" height=\"533\" \/><\/p>\n<p>&nbsp;<\/p>\n<p>M\u00e1s tarde, en el sint\u00e9tico del \u201cTete\u201d Di Carlo, <strong>Estudiantes<\/strong> se llev\u00f3 una enorme victoria de visitante ante <strong>Embajadores<\/strong> y <strong>Municipales<\/strong> arranc\u00f3 con los tres puntos bajo el brazo luego de vencer a <strong>Colonias y Cerros<\/strong> en el Jos\u00e9 Salvador Stuppia.<\/p>\n<p>&nbsp;<\/p>\n<p>En el partido con m\u00e1s goles de la fecha, <strong>Loma Negra<\/strong> super\u00f3 a <strong>Sierra Chica<\/strong> en la Villa Alfredo Fortabat, mientras que en el reducto de la Capital del Granito Rojo se concret\u00f3 el \u00fanico empate sin goles entre <strong>Espigas<\/strong> e <strong>Hinojo<\/strong>.<\/p>\n<p>&nbsp;<\/p>\n<p><em><strong>Fotos: Anal\u00eda P\u00e1ez.<\/strong><\/em><\/p>\n<p>&nbsp;<\/p>\n<ul>\n<li>\n<h6><strong>Resultados:<\/strong><\/h6>\n<\/li>\n<\/ul>\n<p>&nbsp;<\/p>\n<h6>Primera Divisi\u00f3n<\/h6>\n<p>&nbsp;<\/p>\n<h6><strong>Zona A<\/strong><\/h6>\n<p><strong>Espigas 0 \u2013 0 Hinojo<\/strong><\/p>\n<p><a href=\"https:\/\/cdnoticias.com\/estudiantes-piso-fuerte-en-el-sintetico-y-vencio-a-embajadores-en-el-debut\/\"><strong>Embajadores 0 \u2013 1 Estudiantes<\/strong> (Franco Peralta)<\/a><\/p>\n<p>San Mart\u00edn \u2013 Ferro (<strong>Postergado<\/strong>)<\/p>\n<p><img data-recalc-dims=\"1\" loading=\"lazy\" decoding=\"async\" class=\"aligncenter size-full wp-image-54175\" src=\"https:\/\/i0.wp.com\/cdnoticias.com\/wp-content\/uploads\/2024\/08\/TOFR-Fecha-1-Primera-Zona-A.png?resize=787%2C322&#038;ssl=1\" alt=\"\" width=\"787\" height=\"322\" \/><\/p>\n<p>&nbsp;<\/p>\n<h6>Zona B<\/h6>\n<p><strong>Municipales<\/strong> (Samuel Garc\u00eda y Emmanuel Sbardolini) <strong>2 \u2013 0 Colonias y Cerros<\/strong><\/p>\n<p><strong>Loma Negra<\/strong> (Bautista Burghini, Gabriel Rivas y Lautaro Diuono) <strong>3 \u2013 2 Sierra Chica<\/strong> (Steven D\u00edaz y Emmanuel Devia)<\/p>\n<p><strong>Racing<\/strong> (Santiago Izaguirre)<strong> 1 \u2013 0 El Fort\u00edn<\/strong><\/p>\n<p><img data-recalc-dims=\"1\" loading=\"lazy\" decoding=\"async\" class=\"aligncenter size-full wp-image-54174\" src=\"https:\/\/i0.wp.com\/cdnoticias.com\/wp-content\/uploads\/2024\/08\/TOFR-Fecha-1-Primera-Zona-B.png?resize=789%2C320&#038;ssl=1\" alt=\"\" width=\"789\" height=\"320\" \/><\/p>\n<p>&nbsp;<\/p>\n<h6><strong>Reserva<\/strong><\/h6>\n<p>&nbsp;<\/p>\n<h6>Zona A<\/h6>\n<p>Espigas <strong>1 \u2013 1<\/strong> Hinojo<\/p>\n<p>Embajadores <strong>2 \u2013 0<\/strong> Estudiantes<\/p>\n<p>San Mart\u00edn \u2013 Ferro (<strong>Postergado<\/strong>)<\/p>\n<p><img data-recalc-dims=\"1\" loading=\"lazy\" decoding=\"async\" class=\"aligncenter size-full wp-image-54173\" src=\"https:\/\/i0.wp.com\/cdnoticias.com\/wp-content\/uploads\/2024\/08\/TOFR-Fecha-1-Reserva-Zona-A.png?resize=786%2C318&#038;ssl=1\" alt=\"\" width=\"786\" height=\"318\" \/><\/p>\n<p>&nbsp;<\/p>\n<h6>Zona B<\/h6>\n<p>Municipales <strong>0 \u2013 1<\/strong> Colonias y Cerros<\/p>\n<p>Loma Negra<strong> 1 \u2013 1<\/strong> Sierra Chica<\/p>\n<p>Racing <strong>2 \u2013 1<\/strong> El Fort\u00edn<\/p>\n<p><img data-recalc-dims=\"1\" loading=\"lazy\" decoding=\"async\" class=\"aligncenter size-full wp-image-54172\" src=\"https:\/\/i0.wp.com\/cdnoticias.com\/wp-content\/uploads\/2024\/08\/TOFR-Fecha-1-Reserva-Zona-B.png?resize=787%2C317&#038;ssl=1\" alt=\"\" width=\"787\" height=\"317\" \/><\/p>\n<hr \/>\n<p><img data-recalc-dims=\"1\" loading=\"lazy\" decoding=\"async\" class=\"aligncenter size-full wp-image-54171\" src=\"https:\/\/i0.wp.com\/cdnoticias.com\/wp-content\/uploads\/2024\/08\/TOFR-partidos-de-la-2%C2%B0-fecha.png?resize=423%2C287&#038;ssl=1\" alt=\"\" width=\"423\" height=\"287\" \/><\/p>\n","protected":false},"excerpt":{"rendered":"<p>Este domingo, en varios escenarios de la ciudad, se jug\u00f3 la 1\u00b0 fecha de la competencia oficial organizada por la<\/p>\n","protected":false},"author":96739694,"featured_media":162399,"comment_status":"closed","ping_status":"closed","sticky":false,"template":"","format":"standard","meta":{"_jetpack_memberships_contains_paid_content":false,"footnotes":""},"categories":[35,1,41],"tags":[],"class_list":["post-123305","post","type-post","status-publish","format-standard","has-post-thumbnail","hentry","category-futbol","category-portada","category-primera-y-reserva"],"jetpack_featured_media_url":"https:\/\/i0.wp.com\/cdnoticias.com\/wp-content\/uploads\/2024\/08\/TOFR-Racing-vs-El-Fortin-1%C2%B0-Fecha.jpeg?fit=1000%2C666&ssl=1","jetpack_sharing_enabled":true,"_links":{"self":[{"href":"https:\/\/cdnoticias.com\/index.php\/wp-json\/wp\/v2\/posts\/123305","targetHints":{"allow":["GET"]}}],"collection":[{"href":"https:\/\/cdnoticias.com\/index.php\/wp-json\/wp\/v2\/posts"}],"about":[{"href":"https:\/\/cdnoticias.com\/index.php\/wp-json\/wp\/v2\/types\/post"}],"author":[{"embeddable":true,"href":"https:\/\/cdnoticias.com\/index.php\/wp-json\/wp\/v2\/users\/96739694"}],"replies":[{"embeddable":true,"href":"https:\/\/cdnoticias.com\/index.php\/wp-json\/wp\/v2\/comments?post=123305"}],"version-history":[{"count":0,"href":"https:\/\/cdnoticias.com\/index.php\/wp-json\/wp\/v2\/posts\/123305\/revisions"}],"wp:featuredmedia":[{"embeddable":true,"href":"https:\/\/cdnoticias.com\/index.php\/wp-json\/wp\/v2\/media\/162399"}],"wp:attachment":[{"href":"https:\/\/cdnoticias.com\/index.php\/wp-json\/wp\/v2\/media?parent=123305"}],"wp:term":[{"taxonomy":"category","embeddable":true,"href":"https:\/\/cdnoticias.com\/index.php\/wp-json\/wp\/v2\/categories?post=123305"},{"taxonomy":"post_tag","embeddable":true,"href":"https:\/\/cdnoticias.com\/index.php\/wp-json\/wp\/v2\/tags?post=123305"}],"curies":[{"name":"wp","href":"https:\/\/api.w.org\/{rel}","templated":true}]}}