{"id":123300,"date":"2024-08-19T10:18:52","date_gmt":"2024-08-19T13:18:52","guid":{"rendered":"https:\/\/cdnoticias.com\/?p=123300"},"modified":"2024-08-19T18:19:58","modified_gmt":"2024-08-19T21:19:58","slug":"el-miercoles-llegara-axel-kicillof-a-olavarria","status":"publish","type":"post","link":"https:\/\/cdnoticias.com\/index.php\/2024\/08\/19\/el-miercoles-llegara-axel-kicillof-a-olavarria\/","title":{"rendered":"El mi\u00e9rcoles llegar\u00e1 Axel Kicillof a Olavarr\u00eda"},"content":{"rendered":"<p>El gobernador inaugurar\u00e1 la sede de la UTOI y entregar\u00e1 veh\u00edculos para la Polic\u00eda. Lo anunci\u00f3 el ministro de Gobierno, Carlos Bianco.<!--more--><\/p>\n<hr \/>\n<p>El <strong>Gobernador Axel Kicillof<\/strong> volver\u00e1 el <strong>mi\u00e9rcoles<\/strong> <strong>a Olavarr\u00eda<\/strong>.<\/p>\n<p>Lo anunci\u00f3 el <strong>ministro de Gobierno de la provincia de Buenos Aires, Carlos Bianco<\/strong>, en la habitual conferencia que los lunes brinda junto a m\u00e1s ministros y funcionarios bonaerenses. All\u00ed Bianco difunde la agenda semanal del mandatario.<\/p>\n<blockquote><p>Kicillof volver\u00e1 a nuestra ciudad para inaugurar la sede de la <a href=\"https:\/\/cdnoticias.com\/index.php\/2024\/07\/18\/mejoras-edilicias-para-albergar-a-la-nueva-fuerza-policial\/\" target=\"_blank\" rel=\"noopener\">Unidad T\u00e1ctica Operativa<\/a>, ubicada en Pringles y Coronel Su\u00e1rez. Encabezar\u00e1 el acto junto al intendente Maximiliano Wesner.<\/p><\/blockquote>\n<p><img data-recalc-dims=\"1\" loading=\"lazy\" decoding=\"async\" class=\"size-full wp-image-120944 aligncenter\" src=\"https:\/\/i0.wp.com\/cdnoticias.com\/wp-content\/uploads\/2024\/07\/policia-utoi-01.jpg?resize=700%2C390&#038;ssl=1\" alt=\"\" width=\"700\" height=\"390\" srcset=\"https:\/\/i0.wp.com\/cdnoticias.com\/wp-content\/uploads\/2024\/07\/policia-utoi-01.jpg?w=700&amp;ssl=1 700w, https:\/\/i0.wp.com\/cdnoticias.com\/wp-content\/uploads\/2024\/07\/policia-utoi-01.jpg?resize=300%2C167&amp;ssl=1 300w\" sizes=\"auto, (max-width: 700px) 100vw, 700px\" \/><\/p>\n<p>La sede policial <strong>tendr\u00e1 jurisdicci\u00f3n regional<\/strong>. Operar\u00e1 con <strong>116 efectivos<\/strong>, <strong>3 veh\u00edculos pick up<\/strong> y <strong>8 motos de alta cilindrada, que va a entregar el Gobernador<\/strong> durante su visita.<\/p>\n<p>Se anunci\u00f3 adem\u00e1s que, luego de la actividad en Olavarr\u00eda, <strong>Kicillof seguir\u00e1 en la regi\u00f3n: viajar\u00e1 hacia Alvear<\/strong> para compartir un acto con el intendente Ram\u00f3n Capra con la entrega de viviendas.<\/p>\n<blockquote class=\"wp-embedded-content\" data-secret=\"0pBP4fCj2k\"><p><a href=\"https:\/\/cdnoticias.com\/index.php\/2024\/07\/18\/mejoras-edilicias-para-albergar-a-la-nueva-fuerza-policial\/\">Mejoras edilicias para albergar a la nueva fuerza policial<\/a><\/p><\/blockquote>\n<p><iframe loading=\"lazy\" class=\"wp-embedded-content\" sandbox=\"allow-scripts\" security=\"restricted\" style=\"position: absolute; visibility: hidden;\" title=\"&#8220;Mejoras edilicias para albergar a la nueva fuerza policial&#8221; &#8212; Central de Noticias | Olavarr\u00eda\" src=\"https:\/\/cdnoticias.com\/index.php\/2024\/07\/18\/mejoras-edilicias-para-albergar-a-la-nueva-fuerza-policial\/embed\/#?secret=0h2aspQmQa#?secret=0pBP4fCj2k\" data-secret=\"0pBP4fCj2k\" width=\"600\" height=\"338\" frameborder=\"0\" marginwidth=\"0\" marginheight=\"0\" scrolling=\"no\"><\/iframe><\/p>\n","protected":false},"excerpt":{"rendered":"<p>El gobernador inaugurar\u00e1 la sede de la UTOI y entregar\u00e1 veh\u00edculos para la Polic\u00eda. Lo anunci\u00f3 el ministro de Gobierno,<\/p>\n","protected":false},"author":4,"featured_media":121925,"comment_status":"closed","ping_status":"closed","sticky":false,"template":"","format":"standard","meta":{"_jetpack_memberships_contains_paid_content":false,"footnotes":""},"categories":[4,1],"tags":[],"class_list":["post-123300","post","type-post","status-publish","format-standard","has-post-thumbnail","hentry","category-politica","category-portada"],"jetpack_featured_media_url":"https:\/\/i0.wp.com\/cdnoticias.com\/wp-content\/uploads\/2024\/08\/kicillof-wesner.jpg?fit=1000%2C557&ssl=1","jetpack_sharing_enabled":true,"_links":{"self":[{"href":"https:\/\/cdnoticias.com\/index.php\/wp-json\/wp\/v2\/posts\/123300","targetHints":{"allow":["GET"]}}],"collection":[{"href":"https:\/\/cdnoticias.com\/index.php\/wp-json\/wp\/v2\/posts"}],"about":[{"href":"https:\/\/cdnoticias.com\/index.php\/wp-json\/wp\/v2\/types\/post"}],"author":[{"embeddable":true,"href":"https:\/\/cdnoticias.com\/index.php\/wp-json\/wp\/v2\/users\/4"}],"replies":[{"embeddable":true,"href":"https:\/\/cdnoticias.com\/index.php\/wp-json\/wp\/v2\/comments?post=123300"}],"version-history":[{"count":0,"href":"https:\/\/cdnoticias.com\/index.php\/wp-json\/wp\/v2\/posts\/123300\/revisions"}],"wp:featuredmedia":[{"embeddable":true,"href":"https:\/\/cdnoticias.com\/index.php\/wp-json\/wp\/v2\/media\/121925"}],"wp:attachment":[{"href":"https:\/\/cdnoticias.com\/index.php\/wp-json\/wp\/v2\/media?parent=123300"}],"wp:term":[{"taxonomy":"category","embeddable":true,"href":"https:\/\/cdnoticias.com\/index.php\/wp-json\/wp\/v2\/categories?post=123300"},{"taxonomy":"post_tag","embeddable":true,"href":"https:\/\/cdnoticias.com\/index.php\/wp-json\/wp\/v2\/tags?post=123300"}],"curies":[{"name":"wp","href":"https:\/\/api.w.org\/{rel}","templated":true}]}}