{"id":123294,"date":"2024-08-19T10:03:59","date_gmt":"2024-08-19T13:03:59","guid":{"rendered":"https:\/\/cdnoticias.com\/?p=123294"},"modified":"2024-08-19T10:04:01","modified_gmt":"2024-08-19T13:04:01","slug":"las-ventas-por-el-dia-del-nino-cayeron-144-frente-al-ano-pasado","status":"publish","type":"post","link":"https:\/\/cdnoticias.com\/index.php\/2024\/08\/19\/las-ventas-por-el-dia-del-nino-cayeron-144-frente-al-ano-pasado\/","title":{"rendered":"Las ventas por el D\u00eda del Ni\u00f1o cayeron 14,4% frente al a\u00f1o pasado"},"content":{"rendered":"<p>En un marco en el que la ca\u00edda del consumo es general, los festejos no quedan al margen: CAME inform\u00f3 que las compras se orientaron hacia lo esencial y funcional, lo que los m\u00e1s chicos \u201cnecesitan\u201d m\u00e1s all\u00e1 de los art\u00edculos deseados.<!--more--><\/p>\n<hr \/>\n<p>Las <strong>ventas minoristas pymes por el D\u00eda del Ni\u00f1o cayeron 14,4%<\/strong> frente a la misma fecha del a\u00f1o pasado, medidas a precios constantes. El dato surge del <em>informe que emiti\u00f3 la Confederaci\u00f3n Argentina de la Mediana Empresa (CAME).<\/em><\/p>\n<p>Fue una semana en la que las familias se orientaron a <strong>buscar productos econ\u00f3micos o en oferta<\/strong>. Se observ\u00f3 un <strong>consumo m\u00e1s cauteloso<\/strong> que el del a\u00f1o anterior, donde las prioridades se orientaron hacia lo <strong>esencial y funcional.<\/strong><\/p>\n<blockquote><p>El movimiento m\u00e1s fuerte se dio el s\u00e1bado, d\u00eda en que los comercios marcaron la diferencia, ya que para muchos los d\u00edas previos hab\u00edan sido similares a una jornada habitual. De todos modos, para la mitad de los comerciantes consultados el magro resultado de la fecha no sorprendi\u00f3 y estuvo dentro de las expectativas, aunque otro 25% se\u00f1al\u00f3 que fue peor o mucho peor a lo esperado y 26,9% opin\u00f3 que fue mejor o mucho mejor.<\/p><\/blockquote>\n<p><img data-recalc-dims=\"1\" loading=\"lazy\" decoding=\"async\" class=\"size-full wp-image-123296 aligncenter\" src=\"https:\/\/i0.wp.com\/cdnoticias.com\/wp-content\/uploads\/2024\/08\/ventas-CAME-dia-del-nino.jpg?resize=800%2C824&#038;ssl=1\" alt=\"\" width=\"800\" height=\"824\" srcset=\"https:\/\/i0.wp.com\/cdnoticias.com\/wp-content\/uploads\/2024\/08\/ventas-CAME-dia-del-nino.jpg?w=800&amp;ssl=1 800w, https:\/\/i0.wp.com\/cdnoticias.com\/wp-content\/uploads\/2024\/08\/ventas-CAME-dia-del-nino.jpg?resize=291%2C300&amp;ssl=1 291w, https:\/\/i0.wp.com\/cdnoticias.com\/wp-content\/uploads\/2024\/08\/ventas-CAME-dia-del-nino.jpg?resize=768%2C791&amp;ssl=1 768w\" sizes=\"auto, (max-width: 800px) 100vw, 800px\" \/><\/p>\n<p>El <strong>ticket de ventas promedi\u00f3 los $ 31.987<\/strong>, un 165% m\u00e1s que en la \u00faltima medici\u00f3n,<strong> muy por debajo de la inflaci\u00f3n anual<\/strong>, lo que refleja c\u00f3mo el ajuste en las compras se hizo m\u00e1s por valor que por unidades adquiridas. Este a\u00f1o el <strong>60,4% de los comercios realiz\u00f3 alguna promoci\u00f3n<\/strong>, 10 puntos por encima del a\u00f1o pasado, cuando s\u00f3lo 50% hab\u00edan apelado a ese recurso que en la Argentina se vuelve m\u00e1s abundante en \u00e9pocas de poca demanda.<\/p>\n<p>As\u00ed surge del <em>relevamiento que realiz\u00f3 CAME entre 220 comercios minoristas de todo el pa\u00eds<\/em> entre el viernes 16 y el s\u00e1bado 17 de agosto de 2024.<\/p>\n<h3>An\u00e1lisis sectorial<\/h3>\n<p><strong>Todos los rubros relevados vendieron menos<\/strong> que en el D\u00eda del Ni\u00f1o del a\u00f1o pasado. Los <strong>m\u00e1s afectados<\/strong> por la p\u00e9rdida de consumo fueron<strong> \u201cEquipos de audio, video, celulares y accesorios\u201d<\/strong>, con una baja interanual de 39,6%, seguido por \u201cCalzado y marroquiner\u00eda\u201d (-15,5%).<\/p>\n<ul>\n<li><strong>Calzado y marroquiner\u00eda<\/strong><\/li>\n<\/ul>\n<p>Con un <strong>ticket promedio de $ 38.636,<\/strong> las <strong>ventas cayeron 15,5%<\/strong> frente al D\u00eda del Ni\u00f1o 2023, medidas a precios constantes. <em>La demanda se orient\u00f3 mayormente a calzado deportivo<\/em>, en parte como secuencia de la Copa Am\u00e9rica y los Juegos Ol\u00edmpicos, que sumaron mucho inter\u00e9s en esos productos. Casi todos los comercios relevados coincidieron en calificar la movida de este a\u00f1o como baja. Los precios, dentro de todo, se mantuvieron estables, sin saltos ni ajustes con relaci\u00f3n a semanas previas. No obstante, esa estabilidad no fue suficiente para contrarrestar la disminuci\u00f3n en la demanda, dejando como resultado un desempe\u00f1o comercial menos favorable que el a\u00f1o pasado.<\/p>\n<p><img data-recalc-dims=\"1\" loading=\"lazy\" decoding=\"async\" class=\"size-full wp-image-123297 aligncenter\" src=\"https:\/\/i0.wp.com\/cdnoticias.com\/wp-content\/uploads\/2024\/08\/ventas-CAME-dia-del-nino-00.jpg?resize=800%2C579&#038;ssl=1\" alt=\"\" width=\"800\" height=\"579\" srcset=\"https:\/\/i0.wp.com\/cdnoticias.com\/wp-content\/uploads\/2024\/08\/ventas-CAME-dia-del-nino-00.jpg?w=800&amp;ssl=1 800w, https:\/\/i0.wp.com\/cdnoticias.com\/wp-content\/uploads\/2024\/08\/ventas-CAME-dia-del-nino-00.jpg?resize=300%2C217&amp;ssl=1 300w, https:\/\/i0.wp.com\/cdnoticias.com\/wp-content\/uploads\/2024\/08\/ventas-CAME-dia-del-nino-00.jpg?resize=768%2C556&amp;ssl=1 768w\" sizes=\"auto, (max-width: 800px) 100vw, 800px\" \/><\/p>\n<ul>\n<li><strong>Equipos de audio y video, celulares y accesorios<\/strong><\/li>\n<\/ul>\n<p>Las<strong> ventas se desplomaron 39,6%<\/strong> frente al a\u00f1o pasado a precios constantes y el<strong> ticket promedio ascendi\u00f3 a $ 39.126<\/strong>. En el rubro electr\u00f3nicos, la demanda se enfoc\u00f3 mayormente en <em>productos de menor tama\u00f1o y costo<\/em>, lo que refleja una tendencia hacia la adquisici\u00f3n de art\u00edculos m\u00e1s accesibles. La venta de equipos de audio y video m\u00e1s costosos fue baja, lo que contribuy\u00f3 a la ca\u00edda general del sector. En lo que refiere a celulares, si bien estos dispositivos son tradicionalmente populares para esta fecha, este a\u00f1o las ventas se concentraron en accesorios. Fundas, cargadores port\u00e1tiles y auriculares fueron los m\u00e1s vendidos, sugiriendo que los consumidores optaron por regalos m\u00e1s econ\u00f3micos y pr\u00e1cticos en lugar de realizar grandes inversiones en nuevos dispositivos.<\/p>\n<ul>\n<li><strong>Indumentaria y accesorios<\/strong><\/li>\n<\/ul>\n<p>Las <strong>ventas cayeron 12,5%<\/strong> frente al D\u00eda del Ni\u00f1o del 2023, a precios constantes, y el<strong> ticket promedi\u00f3 los $ 27.213<\/strong>. Las bajas temperaturas de estos d\u00edas le dieron <em>continuidad a la ropa de temporada<\/em>, pero a la vez, como son productos m\u00e1s costosos, la gente mir\u00f3 mucho los precios para orientar luego su regalo a rubros con valores m\u00e1s accesibles.<strong> Fue uno de los sectores donde m\u00e1s descuentos hubo, con rebajas de hasta 50%<\/strong> y posibilidades amplias de pagos en cuotas sin inter\u00e9s. Los comercios intentaron captar a los consumidores con esas estrategias, pero, aunque las ofertas fueron atractivas y la indumentaria es una opci\u00f3n popular, la predisposici\u00f3n a gastar en este rubro estuvo limitada por las condiciones econ\u00f3micas actuales. Algunos comercios consultados se\u00f1alaron que este a\u00f1o no fue el rubro m\u00e1s predominante.<\/p>\n<p><img data-recalc-dims=\"1\" loading=\"lazy\" decoding=\"async\" class=\"size-full wp-image-123298 aligncenter\" src=\"https:\/\/i0.wp.com\/cdnoticias.com\/wp-content\/uploads\/2024\/08\/ventas-CAME-dia-del-nino-01.jpg?resize=800%2C492&#038;ssl=1\" alt=\"\" width=\"800\" height=\"492\" srcset=\"https:\/\/i0.wp.com\/cdnoticias.com\/wp-content\/uploads\/2024\/08\/ventas-CAME-dia-del-nino-01.jpg?w=800&amp;ssl=1 800w, https:\/\/i0.wp.com\/cdnoticias.com\/wp-content\/uploads\/2024\/08\/ventas-CAME-dia-del-nino-01.jpg?resize=300%2C185&amp;ssl=1 300w, https:\/\/i0.wp.com\/cdnoticias.com\/wp-content\/uploads\/2024\/08\/ventas-CAME-dia-del-nino-01.jpg?resize=768%2C472&amp;ssl=1 768w\" sizes=\"auto, (max-width: 800px) 100vw, 800px\" \/><\/p>\n<ul>\n<li><strong>Jugueter\u00edas<\/strong><\/li>\n<\/ul>\n<p>Las <strong>ventas cayeron 6,1%<\/strong> frente al a\u00f1o pasado y el <strong>ticket promedi\u00f3 los $ 30.626<\/strong>. Las ventas se activaron principalmente el s\u00e1bado por la tarde, donde se pudo ver mucha circulaci\u00f3n de gente en los locales, aunque <em>el rango de edad para los que se eligen juguetes sigue bajando cada a\u00f1o<\/em>. En los grandes centros de consumo se observ\u00f3 una<em> explosi\u00f3n de la venta informal<\/em>, con el agravante de que al preguntarles c\u00f3mo les estaba yendo, era sorprendente la cantidad de respuestas muy positivas, marcando el <strong>desplazamiento de ventas desde el comercio formal al informal<\/strong>. Se observ\u00f3 una preferencia por art\u00edculos m\u00e1s tradicionales y did\u00e1cticos para los m\u00e1s peque\u00f1os. Para los ni\u00f1os de mayor edad se opt\u00f3 por juguetes tecnol\u00f3gicos o interactivos. Los juguetes cl\u00e1sicos, como mu\u00f1ecas, autos a control remoto y juegos de mesa siguieron siendo populares entre los consumidores, especialmente en las categor\u00edas de menor precio.<\/p>\n<ul>\n<li><strong>Librer\u00edas<\/strong><\/li>\n<\/ul>\n<p>Las <strong>ventas cayeron 1%<\/strong> frente al a\u00f1o pasado a precios constantes y el <strong>ticket promedio rond\u00f3 los $ 21.777<\/strong>. Fue el rubro preferido de los abuelos, especialmente cuando hab\u00eda que hacer m\u00e1s de un regalo, porque se pod\u00edan conseguir buenos libros desde los $ 10 mil. Hay que tener en cuenta en la comparaci\u00f3n que<em> el a\u00f1o pasado fue el rubro con resultados m\u00e1s pobres<\/em> para esta fecha. Se vendieron bien los libros de cuentos ilustrados y las colecciones educativas, que atraen por su contenido y su durabilidad. Las promociones en la compra de m\u00e1s de un libro ayudaron a mantener el inter\u00e9s de los compradores, permiti\u00e9ndoles adquirir varios t\u00edtulos a precios reducidos, una ventaja importante cuando se trataba de regalar a varios nietos o sobrinos. Para darle dinamismo a la fecha, las librer\u00edas lograron mantener cierto equilibrio entre precios accesibles y ofertas atractivas.<\/p>\n","protected":false},"excerpt":{"rendered":"<p>En un marco en el que la ca\u00edda del consumo es general, los festejos no quedan al margen: CAME inform\u00f3<\/p>\n","protected":false},"author":4,"featured_media":123295,"comment_status":"closed","ping_status":"closed","sticky":false,"template":"","format":"standard","meta":{"_jetpack_memberships_contains_paid_content":false,"footnotes":""},"categories":[6,1],"tags":[],"class_list":["post-123294","post","type-post","status-publish","format-standard","has-post-thumbnail","hentry","category-nacionales","category-portada"],"jetpack_featured_media_url":"https:\/\/i0.wp.com\/cdnoticias.com\/wp-content\/uploads\/2024\/08\/DIB-jugueteria-dia-del-nino.jpg?fit=800%2C446&ssl=1","jetpack_sharing_enabled":true,"_links":{"self":[{"href":"https:\/\/cdnoticias.com\/index.php\/wp-json\/wp\/v2\/posts\/123294","targetHints":{"allow":["GET"]}}],"collection":[{"href":"https:\/\/cdnoticias.com\/index.php\/wp-json\/wp\/v2\/posts"}],"about":[{"href":"https:\/\/cdnoticias.com\/index.php\/wp-json\/wp\/v2\/types\/post"}],"author":[{"embeddable":true,"href":"https:\/\/cdnoticias.com\/index.php\/wp-json\/wp\/v2\/users\/4"}],"replies":[{"embeddable":true,"href":"https:\/\/cdnoticias.com\/index.php\/wp-json\/wp\/v2\/comments?post=123294"}],"version-history":[{"count":0,"href":"https:\/\/cdnoticias.com\/index.php\/wp-json\/wp\/v2\/posts\/123294\/revisions"}],"wp:featuredmedia":[{"embeddable":true,"href":"https:\/\/cdnoticias.com\/index.php\/wp-json\/wp\/v2\/media\/123295"}],"wp:attachment":[{"href":"https:\/\/cdnoticias.com\/index.php\/wp-json\/wp\/v2\/media?parent=123294"}],"wp:term":[{"taxonomy":"category","embeddable":true,"href":"https:\/\/cdnoticias.com\/index.php\/wp-json\/wp\/v2\/categories?post=123294"},{"taxonomy":"post_tag","embeddable":true,"href":"https:\/\/cdnoticias.com\/index.php\/wp-json\/wp\/v2\/tags?post=123294"}],"curies":[{"name":"wp","href":"https:\/\/api.w.org\/{rel}","templated":true}]}}