{"id":123288,"date":"2024-08-19T08:46:44","date_gmt":"2024-08-19T11:46:44","guid":{"rendered":"https:\/\/cdnoticias.com\/?p=123288"},"modified":"2024-08-19T08:46:46","modified_gmt":"2024-08-19T11:46:46","slug":"incumplio-la-prohibicion-de-acercamiento-y-fue-arrestado","status":"publish","type":"post","link":"https:\/\/cdnoticias.com\/index.php\/2024\/08\/19\/incumplio-la-prohibicion-de-acercamiento-y-fue-arrestado\/","title":{"rendered":"Incumpli\u00f3 la prohibici\u00f3n de acercamiento y fue arrestado"},"content":{"rendered":"<p>El acusado, de 30 a\u00f1os, fue atrapado en Col\u00f3n al 4700. La orden de restricci\u00f3n hab\u00eda sido emitida por el Juzgado de Familia N\u00ba 1.<!--more--><\/p>\n<hr \/>\n<p>Un <strong>hombre<\/strong> fue <strong>aprehendido<\/strong> en las \u00faltimas horas por haber <strong>incumplido una prohibici\u00f3n de acercamiento.<\/strong><\/p>\n<p>Personal del Comando de Patrullas <strong>se constituy\u00f3 en Colon al 4700<\/strong> donde arrest\u00f3 al <strong>acusado, de 30 a\u00f1os.<\/strong><\/p>\n<blockquote><p>Se estableci\u00f3 que hab\u00eda violado la orden de restricci\u00f3n impuesta por el Juzgado de Familia N\u00b0 1 de Olavarr\u00eda en autos caratulados \u201cProtecci\u00f3n contra la violencia familiar (ley. 12569)\u201d.<\/p><\/blockquote>\n<p>El aprehendido fue<strong> trasladado al Hospital Municipal<\/strong> a fin de concretar una <strong>evaluaci\u00f3n psicol\u00f3gica.<\/strong><\/p>\n<p>Las actuaciones se caratularon<strong> \u201cdesobediencia\u201d<\/strong> a cargo de la UFI N\u00ba 4.<\/p>\n<p><i><span style=\"font-weight: 400;\">Si sos v\u00edctima o conoces alguien que est\u00e9 sufriendo violencia de g\u00e9nero comun\u00edcate al 144.\u00a0<\/span><\/i><i><span style=\"font-weight: 400;\">Olavarr\u00eda cuenta con un tel\u00e9fono de Guardia en el \u00e1rea de Pol\u00edticas de G\u00e9nero: 02284 \u2013 15583337.\u00a0<\/span><\/i><i><span style=\"font-weight: 400;\">A la par, tambi\u00e9n te pod\u00e9s acercar a la Comisar\u00eda De la Mujer y la Familia en 9 de Julio 2652 o al tel\u00e9fono 2284 480100; o la sede judicial local, en Rufino Fal 2943, tel\u00e9fono 2284 423427.<\/span><\/i><\/p>\n","protected":false},"excerpt":{"rendered":"<p>El acusado, de 30 a\u00f1os, fue atrapado en Col\u00f3n al 4700. La orden de restricci\u00f3n hab\u00eda sido emitida por el<\/p>\n","protected":false},"author":4,"featured_media":123290,"comment_status":"closed","ping_status":"closed","sticky":false,"template":"","format":"standard","meta":{"_jetpack_memberships_contains_paid_content":false,"footnotes":""},"categories":[14,1],"tags":[],"class_list":["post-123288","post","type-post","status-publish","format-standard","has-post-thumbnail","hentry","category-policiales","category-portada"],"jetpack_featured_media_url":"https:\/\/i0.wp.com\/cdnoticias.com\/wp-content\/uploads\/2024\/08\/colon-4700-a.jpg?fit=700%2C390&ssl=1","jetpack_sharing_enabled":true,"_links":{"self":[{"href":"https:\/\/cdnoticias.com\/index.php\/wp-json\/wp\/v2\/posts\/123288","targetHints":{"allow":["GET"]}}],"collection":[{"href":"https:\/\/cdnoticias.com\/index.php\/wp-json\/wp\/v2\/posts"}],"about":[{"href":"https:\/\/cdnoticias.com\/index.php\/wp-json\/wp\/v2\/types\/post"}],"author":[{"embeddable":true,"href":"https:\/\/cdnoticias.com\/index.php\/wp-json\/wp\/v2\/users\/4"}],"replies":[{"embeddable":true,"href":"https:\/\/cdnoticias.com\/index.php\/wp-json\/wp\/v2\/comments?post=123288"}],"version-history":[{"count":0,"href":"https:\/\/cdnoticias.com\/index.php\/wp-json\/wp\/v2\/posts\/123288\/revisions"}],"wp:featuredmedia":[{"embeddable":true,"href":"https:\/\/cdnoticias.com\/index.php\/wp-json\/wp\/v2\/media\/123290"}],"wp:attachment":[{"href":"https:\/\/cdnoticias.com\/index.php\/wp-json\/wp\/v2\/media?parent=123288"}],"wp:term":[{"taxonomy":"category","embeddable":true,"href":"https:\/\/cdnoticias.com\/index.php\/wp-json\/wp\/v2\/categories?post=123288"},{"taxonomy":"post_tag","embeddable":true,"href":"https:\/\/cdnoticias.com\/index.php\/wp-json\/wp\/v2\/tags?post=123288"}],"curies":[{"name":"wp","href":"https:\/\/api.w.org\/{rel}","templated":true}]}}