{"id":123278,"date":"2024-08-19T08:07:37","date_gmt":"2024-08-19T11:07:37","guid":{"rendered":"https:\/\/cdnoticias.com\/?p=123278"},"modified":"2024-08-19T08:07:38","modified_gmt":"2024-08-19T11:07:38","slug":"leonel-gaston-pinero-leo-leito-q-e-p-d","status":"publish","type":"post","link":"https:\/\/cdnoticias.com\/index.php\/2024\/08\/19\/leonel-gaston-pinero-leo-leito-q-e-p-d\/","title":{"rendered":"Leonel Gast\u00f3n Pi\u00f1ero &#8220;Leo&#8221; &#8220;Leito&#8221; (Q.E.P.D.)"},"content":{"rendered":"<p>Falleci\u00f3 en Olavarr\u00eda el d\u00eda 18 de agosto de 2024 a los 27 a\u00f1os de edad.<\/p>\n<p>Su hija: Umma Pi\u00f1ero. Sus padres: Jimena Zurita y Mauricio Pi\u00f1ero. Sus hermanos: Ludmila y Trinidad Pi\u00f1ero y Jonathan Barreiro. Su hermano pol\u00edtico: Alexis Bustos. Sus sobrinos: Xiomara y Nehem\u00edas Bustos. Sus abuelos: N\u00e9lida Santill\u00e1n y Edgardo Zurita; Elisa Aguirre y Am\u00e9rico Pi\u00f1ero. Sus t\u00edos: Marilina Pi\u00f1ero, Ger\u00f3nimo Zurita y Miriam Taverna. Sus primos y dem\u00e1s deudos participan su fallecimiento.<\/p>\n<p>Velatorio: Espa\u00f1a 2942 departamento &#8220;C&#8221;. Comienza 7:00hs. Responso: Capilla Ardiente. Inhumaci\u00f3n: Cementerio Loma de Paz, lunes 19 de agosto de 2024- 13:30hs. <\/p>\n<p>Barrio en el que viv\u00eda: Sarmiento Norte.<\/p>\n<p>Lugar de nacimiento: Olavarr\u00eda.<\/p>\n<p>Actividad que desarrollaba: Empleado de Cl\u00edmax Construcciones.<\/p>\n","protected":false},"excerpt":{"rendered":"<p>Falleci\u00f3 en Olavarr\u00eda el d\u00eda 18 de agosto de 2024 a los 27 a\u00f1os de edad. Su hija: Umma Pi\u00f1ero.<\/p>\n","protected":false},"author":4,"featured_media":51544,"comment_status":"closed","ping_status":"closed","sticky":false,"template":"","format":"standard","meta":{"_jetpack_memberships_contains_paid_content":false,"footnotes":""},"categories":[10],"tags":[],"class_list":["post-123278","post","type-post","status-publish","format-standard","has-post-thumbnail","hentry","category-necrologicas"],"jetpack_featured_media_url":"https:\/\/i0.wp.com\/cdnoticias.com\/wp-content\/uploads\/2022\/04\/necrologicas-390-x-240.jpg?fit=390%2C240&ssl=1","jetpack_sharing_enabled":true,"_links":{"self":[{"href":"https:\/\/cdnoticias.com\/index.php\/wp-json\/wp\/v2\/posts\/123278","targetHints":{"allow":["GET"]}}],"collection":[{"href":"https:\/\/cdnoticias.com\/index.php\/wp-json\/wp\/v2\/posts"}],"about":[{"href":"https:\/\/cdnoticias.com\/index.php\/wp-json\/wp\/v2\/types\/post"}],"author":[{"embeddable":true,"href":"https:\/\/cdnoticias.com\/index.php\/wp-json\/wp\/v2\/users\/4"}],"replies":[{"embeddable":true,"href":"https:\/\/cdnoticias.com\/index.php\/wp-json\/wp\/v2\/comments?post=123278"}],"version-history":[{"count":0,"href":"https:\/\/cdnoticias.com\/index.php\/wp-json\/wp\/v2\/posts\/123278\/revisions"}],"wp:featuredmedia":[{"embeddable":true,"href":"https:\/\/cdnoticias.com\/index.php\/wp-json\/wp\/v2\/media\/51544"}],"wp:attachment":[{"href":"https:\/\/cdnoticias.com\/index.php\/wp-json\/wp\/v2\/media?parent=123278"}],"wp:term":[{"taxonomy":"category","embeddable":true,"href":"https:\/\/cdnoticias.com\/index.php\/wp-json\/wp\/v2\/categories?post=123278"},{"taxonomy":"post_tag","embeddable":true,"href":"https:\/\/cdnoticias.com\/index.php\/wp-json\/wp\/v2\/tags?post=123278"}],"curies":[{"name":"wp","href":"https:\/\/api.w.org\/{rel}","templated":true}]}}