{"id":123208,"date":"2024-08-18T15:40:50","date_gmt":"2024-08-18T18:40:50","guid":{"rendered":"https:\/\/cdnoticias.com\/?p=123208"},"modified":"2024-08-18T19:44:24","modified_gmt":"2024-08-18T22:44:24","slug":"un-olavarriense-involucrado-en-un-fatal-accidente-en-ruta-226","status":"publish","type":"post","link":"https:\/\/cdnoticias.com\/index.php\/2024\/08\/18\/un-olavarriense-involucrado-en-un-fatal-accidente-en-ruta-226\/","title":{"rendered":"Un olavarriense involucrado en un fatal accidente en ruta 226"},"content":{"rendered":"\n<p>Se trata de un camionero que impact\u00f3 contra un motociclista en cercan\u00edas a Bol\u00edvar. El conductor del rodado menor, de 28 a\u00f1os, muri\u00f3 en el lugar.<\/p>\n\n\n\n<hr class=\"wp-block-separator aligncenter has-alpha-channel-opacity\"\/>\n\n\n\n<p>Este domingo al mediod\u00eda, <strong>un camionero olavarriense particip\u00f3 en un fatal siniestro vial en ruta 226, cerca de Bol\u00edvar. Producto del hecho, muri\u00f3 un joven de 28 a\u00f1os.<\/strong><\/p>\n\n\n\n<p>Seg\u00fan las primeras informaciones de<strong> Diario La Ma\u00f1ana de Bol\u00edvar, el hecho se registr\u00f3 en el kil\u00f3metro 399 de la ruta nacional.<\/strong><\/p>\n\n\n\n<figure class=\"wp-block-image size-full\"><img data-recalc-dims=\"1\" loading=\"lazy\" decoding=\"async\" width=\"800\" height=\"450\" src=\"https:\/\/i0.wp.com\/cdnoticias.com\/wp-content\/uploads\/2024\/08\/accidente-226-bolivar-manana1.jpg?resize=800%2C450&#038;ssl=1\" alt=\"\" class=\"wp-image-123210\" srcset=\"https:\/\/i0.wp.com\/cdnoticias.com\/wp-content\/uploads\/2024\/08\/accidente-226-bolivar-manana1.jpg?w=1000&amp;ssl=1 1000w, https:\/\/i0.wp.com\/cdnoticias.com\/wp-content\/uploads\/2024\/08\/accidente-226-bolivar-manana1.jpg?resize=300%2C169&amp;ssl=1 300w, https:\/\/i0.wp.com\/cdnoticias.com\/wp-content\/uploads\/2024\/08\/accidente-226-bolivar-manana1.jpg?resize=768%2C432&amp;ssl=1 768w\" sizes=\"auto, (max-width: 800px) 100vw, 800px\" \/><\/figure>\n\n\n\n<p>La v\u00edctima manejaba una moto Honda New Twister CB250 mientras que el olavarriense viajaba en un Ford Cargo que transportaba hacienda desde nuestra ciudad hacia Bol\u00edvar.<\/p>\n\n\n\n<p>Las primeras versiones daban cuenta que<strong> el cami\u00f3n circulaba por el carril contrario al de la motocicleta, que pocos metros antes hab\u00eda descendido del puente. Por causas que se intentar\u00e1n esclarecer, el conductor de la moto perdi\u00f3 el control e impact\u00f3 contra el cami\u00f3n.<\/strong><\/p>\n\n\n\n<p>Una ambulancia del Hospital Sub Zonal de Bol\u00edvar &#8220;Dr. Miguel L. Capredoni&#8221; <strong>lleg\u00f3 al lugar del choque y constat\u00f3 la muerte del joven. <\/strong>En tanto, Polic\u00eda Cient\u00edfica trabajaba para establecer c\u00f3mo se origin\u00f3 el accidente fatal. El conductor del cami\u00f3n result\u00f3 ileso.<\/p>\n","protected":false},"excerpt":{"rendered":"<p>Se trata de un camionero que impact\u00f3 contra un motociclista en cercan\u00edas a Bol\u00edvar. El conductor del rodado menor, de<\/p>\n","protected":false},"author":2,"featured_media":123209,"comment_status":"closed","ping_status":"closed","sticky":false,"template":"","format":"standard","meta":{"_jetpack_memberships_contains_paid_content":false,"footnotes":""},"categories":[14,1],"tags":[],"class_list":["post-123208","post","type-post","status-publish","format-standard","has-post-thumbnail","hentry","category-policiales","category-portada"],"jetpack_featured_media_url":"https:\/\/i0.wp.com\/cdnoticias.com\/wp-content\/uploads\/2024\/08\/accidente-226-bolivar-manana.jpg?fit=1000%2C564&ssl=1","jetpack_sharing_enabled":true,"_links":{"self":[{"href":"https:\/\/cdnoticias.com\/index.php\/wp-json\/wp\/v2\/posts\/123208","targetHints":{"allow":["GET"]}}],"collection":[{"href":"https:\/\/cdnoticias.com\/index.php\/wp-json\/wp\/v2\/posts"}],"about":[{"href":"https:\/\/cdnoticias.com\/index.php\/wp-json\/wp\/v2\/types\/post"}],"author":[{"embeddable":true,"href":"https:\/\/cdnoticias.com\/index.php\/wp-json\/wp\/v2\/users\/2"}],"replies":[{"embeddable":true,"href":"https:\/\/cdnoticias.com\/index.php\/wp-json\/wp\/v2\/comments?post=123208"}],"version-history":[{"count":0,"href":"https:\/\/cdnoticias.com\/index.php\/wp-json\/wp\/v2\/posts\/123208\/revisions"}],"wp:featuredmedia":[{"embeddable":true,"href":"https:\/\/cdnoticias.com\/index.php\/wp-json\/wp\/v2\/media\/123209"}],"wp:attachment":[{"href":"https:\/\/cdnoticias.com\/index.php\/wp-json\/wp\/v2\/media?parent=123208"}],"wp:term":[{"taxonomy":"category","embeddable":true,"href":"https:\/\/cdnoticias.com\/index.php\/wp-json\/wp\/v2\/categories?post=123208"},{"taxonomy":"post_tag","embeddable":true,"href":"https:\/\/cdnoticias.com\/index.php\/wp-json\/wp\/v2\/tags?post=123208"}],"curies":[{"name":"wp","href":"https:\/\/api.w.org\/{rel}","templated":true}]}}