{"id":123203,"date":"2024-08-18T15:32:47","date_gmt":"2024-08-18T18:32:47","guid":{"rendered":"https:\/\/cdnoticias.com\/?p=123203"},"modified":"2024-08-18T18:47:12","modified_gmt":"2024-08-18T21:47:12","slug":"un-hombre-se-atrinchero-en-una-vivienda-y-tras-mas-de-3-horas-se-entrego-a-la-policia","status":"publish","type":"post","link":"https:\/\/cdnoticias.com\/index.php\/2024\/08\/18\/un-hombre-se-atrinchero-en-una-vivienda-y-tras-mas-de-3-horas-se-entrego-a-la-policia\/","title":{"rendered":"Un hombre se atrincher\u00f3 en una vivienda y, tras m\u00e1s de 3 horas, se entreg\u00f3 a la polic\u00eda"},"content":{"rendered":"\n<p>El hecho se registr\u00f3 en Jos\u00e9 Hern\u00e1ndez al 3800, en Prado Espa\u00f1ol. Hubo un important\u00edsimo operativo policial para evitar un grave desenlace. Fue trasladado en ambulancia.<\/p>\n\n\n\n<hr class=\"wp-block-separator aligncenter has-alpha-channel-opacity\"\/>\n\n\n\n<p>Tras m\u00e1s de 3 horas de tensi\u00f3n y negociaci\u00f3n, <strong>un hombre que se atrincher\u00f3 en una vivienda del Prado Espa\u00f1ol finalmente se entreg\u00f3 a la polic\u00eda este domingo en horas de la tarde.<\/strong><\/p>\n\n\n\n<figure class=\"wp-block-image size-large\"><img data-recalc-dims=\"1\" loading=\"lazy\" decoding=\"async\" width=\"800\" height=\"445\" src=\"https:\/\/i0.wp.com\/cdnoticias.com\/wp-content\/uploads\/2024\/08\/prado-espanol-policial.jpg?resize=800%2C445&#038;ssl=1\" alt=\"\" class=\"wp-image-123204\" srcset=\"https:\/\/i0.wp.com\/cdnoticias.com\/wp-content\/uploads\/2024\/08\/prado-espanol-policial-scaled.jpg?resize=1024%2C570&amp;ssl=1 1024w, https:\/\/i0.wp.com\/cdnoticias.com\/wp-content\/uploads\/2024\/08\/prado-espanol-policial-scaled.jpg?resize=300%2C167&amp;ssl=1 300w, https:\/\/i0.wp.com\/cdnoticias.com\/wp-content\/uploads\/2024\/08\/prado-espanol-policial-scaled.jpg?resize=768%2C427&amp;ssl=1 768w, https:\/\/i0.wp.com\/cdnoticias.com\/wp-content\/uploads\/2024\/08\/prado-espanol-policial-scaled.jpg?resize=1536%2C854&amp;ssl=1 1536w, https:\/\/i0.wp.com\/cdnoticias.com\/wp-content\/uploads\/2024\/08\/prado-espanol-policial-scaled.jpg?resize=2048%2C1139&amp;ssl=1 2048w, https:\/\/i0.wp.com\/cdnoticias.com\/wp-content\/uploads\/2024\/08\/prado-espanol-policial-scaled.jpg?resize=800%2C445&amp;ssl=1 800w, https:\/\/i0.wp.com\/cdnoticias.com\/wp-content\/uploads\/2024\/08\/prado-espanol-policial-scaled.jpg?w=1600&amp;ssl=1 1600w, https:\/\/i0.wp.com\/cdnoticias.com\/wp-content\/uploads\/2024\/08\/prado-espanol-policial-scaled.jpg?w=2400&amp;ssl=1 2400w\" sizes=\"auto, (max-width: 800px) 100vw, 800px\" \/><\/figure>\n\n\n\n<p>Seg\u00fan logr\u00f3 saber <strong>Central de Noticias<\/strong> en el lugar,<strong> la situaci\u00f3n tuvo un episodio el s\u00e1bado<\/strong>, cuando el hombre en cuesti\u00f3n, de unos 40 a\u00f1os, quebrant\u00f3 una restricci\u00f3n de acercamiento a su familia en la vivienda en cuesti\u00f3n.<\/p>\n\n\n\n<p><strong>La situaci\u00f3n se agudiz\u00f3 este domingo por la ma\u00f1ana, cuando ante la llegada de la polic\u00eda para efectivizar un desalojo amenaz\u00f3 con atentar contra su persona. <\/strong>Esto deriv\u00f3 en un importante operativo que involucr\u00f3 a efectivos de Grupo GAD, Comando de Patrullas, SubDDI Olavarr\u00eda, Comisar\u00eda Primera y personal de Salud del Hospital Municipal que dispuso un patrullero en las adyacencias de la vivienda.<\/p>\n\n\n\n<figure class=\"wp-block-image size-large\"><img data-recalc-dims=\"1\" loading=\"lazy\" decoding=\"async\" width=\"800\" height=\"445\" src=\"https:\/\/i0.wp.com\/cdnoticias.com\/wp-content\/uploads\/2024\/08\/prado-espanol-policial2.jpg?resize=800%2C445&#038;ssl=1\" alt=\"\" class=\"wp-image-123206\" srcset=\"https:\/\/i0.wp.com\/cdnoticias.com\/wp-content\/uploads\/2024\/08\/prado-espanol-policial2-scaled.jpg?resize=1024%2C570&amp;ssl=1 1024w, https:\/\/i0.wp.com\/cdnoticias.com\/wp-content\/uploads\/2024\/08\/prado-espanol-policial2-scaled.jpg?resize=300%2C167&amp;ssl=1 300w, https:\/\/i0.wp.com\/cdnoticias.com\/wp-content\/uploads\/2024\/08\/prado-espanol-policial2-scaled.jpg?resize=768%2C427&amp;ssl=1 768w, https:\/\/i0.wp.com\/cdnoticias.com\/wp-content\/uploads\/2024\/08\/prado-espanol-policial2-scaled.jpg?resize=1536%2C854&amp;ssl=1 1536w, https:\/\/i0.wp.com\/cdnoticias.com\/wp-content\/uploads\/2024\/08\/prado-espanol-policial2-scaled.jpg?resize=2048%2C1139&amp;ssl=1 2048w, https:\/\/i0.wp.com\/cdnoticias.com\/wp-content\/uploads\/2024\/08\/prado-espanol-policial2-scaled.jpg?resize=800%2C445&amp;ssl=1 800w, https:\/\/i0.wp.com\/cdnoticias.com\/wp-content\/uploads\/2024\/08\/prado-espanol-policial2-scaled.jpg?w=1600&amp;ssl=1 1600w, https:\/\/i0.wp.com\/cdnoticias.com\/wp-content\/uploads\/2024\/08\/prado-espanol-policial2-scaled.jpg?w=2400&amp;ssl=1 2400w\" sizes=\"auto, (max-width: 800px) 100vw, 800px\" \/><\/figure>\n\n\n\n<p>Tambi\u00e9n estaba presente en el lugar la familia del hombre que, sin intervenir, <strong>estuvo a disposici\u00f3n de la polic\u00eda para que el hombre finalmente se entregara.<\/strong><\/p>\n\n\n\n<p><strong>Este hecho se concret\u00f3 pasadas las 14:00 horas del domingo, cuando decidi\u00f3 salir y el Grupo GAD lo llev\u00f3 a la ambulancia dispuesta en el lugar. <\/strong>All\u00ed, fue trasladado al Hospital Municipal para hacer una evaluaci\u00f3n de su salud.<\/p>\n","protected":false},"excerpt":{"rendered":"<p>El hecho se registr\u00f3 en Jos\u00e9 Hern\u00e1ndez al 3800, en Prado Espa\u00f1ol. Hubo un important\u00edsimo operativo policial para evitar un<\/p>\n","protected":false},"author":2,"featured_media":123205,"comment_status":"closed","ping_status":"closed","sticky":false,"template":"","format":"standard","meta":{"_jetpack_memberships_contains_paid_content":false,"footnotes":""},"categories":[14,1],"tags":[],"class_list":["post-123203","post","type-post","status-publish","format-standard","has-post-thumbnail","hentry","category-policiales","category-portada"],"jetpack_featured_media_url":"https:\/\/i0.wp.com\/cdnoticias.com\/wp-content\/uploads\/2024\/08\/prado-espanol-policial1-scaled.jpg?fit=2560%2C1424&ssl=1","jetpack_sharing_enabled":true,"_links":{"self":[{"href":"https:\/\/cdnoticias.com\/index.php\/wp-json\/wp\/v2\/posts\/123203","targetHints":{"allow":["GET"]}}],"collection":[{"href":"https:\/\/cdnoticias.com\/index.php\/wp-json\/wp\/v2\/posts"}],"about":[{"href":"https:\/\/cdnoticias.com\/index.php\/wp-json\/wp\/v2\/types\/post"}],"author":[{"embeddable":true,"href":"https:\/\/cdnoticias.com\/index.php\/wp-json\/wp\/v2\/users\/2"}],"replies":[{"embeddable":true,"href":"https:\/\/cdnoticias.com\/index.php\/wp-json\/wp\/v2\/comments?post=123203"}],"version-history":[{"count":0,"href":"https:\/\/cdnoticias.com\/index.php\/wp-json\/wp\/v2\/posts\/123203\/revisions"}],"wp:featuredmedia":[{"embeddable":true,"href":"https:\/\/cdnoticias.com\/index.php\/wp-json\/wp\/v2\/media\/123205"}],"wp:attachment":[{"href":"https:\/\/cdnoticias.com\/index.php\/wp-json\/wp\/v2\/media?parent=123203"}],"wp:term":[{"taxonomy":"category","embeddable":true,"href":"https:\/\/cdnoticias.com\/index.php\/wp-json\/wp\/v2\/categories?post=123203"},{"taxonomy":"post_tag","embeddable":true,"href":"https:\/\/cdnoticias.com\/index.php\/wp-json\/wp\/v2\/tags?post=123203"}],"curies":[{"name":"wp","href":"https:\/\/api.w.org\/{rel}","templated":true}]}}