{"id":123187,"date":"2024-08-18T11:20:52","date_gmt":"2024-08-18T14:20:52","guid":{"rendered":"https:\/\/cdnoticias.com\/?p=123187"},"modified":"2024-08-18T11:20:54","modified_gmt":"2024-08-18T14:20:54","slug":"columna-invertebrada-se-murio-de-entorno","status":"publish","type":"post","link":"https:\/\/cdnoticias.com\/index.php\/2024\/08\/18\/columna-invertebrada-se-murio-de-entorno\/","title":{"rendered":"Columna invertebrada: \u201cse muri\u00f3 de entorno\u201d"},"content":{"rendered":"\n<p>De Diego a Charly. Qu\u00e9 pasa con los genios y su entorno, con ellos y la figura del escorpi\u00f3n.<\/p>\n\n\n\n<hr class=\"wp-block-separator has-alpha-channel-opacity\"\/>\n\n\n\n<p><em>Francisco Ferrari \/ especial para Central de Noticias<\/em><\/p>\n\n\n\n<p><\/p>\n\n\n\n<p>El d\u00eda que muri\u00f3 Maradona, en medio de toda esa tristeza y los miles de an\u00e1lisis y detalles m\u00e1s o menos escabrosos y chusmas que aparec\u00edan en la tele, las radios, los portales y las redes, mi amigo Guillermo me dijo <strong>&#8220;se muri\u00f3 de entorno&#8221;.<\/strong><\/p>\n\n\n\n<p><\/p>\n\n\n\n<p>Fue la respuesta m\u00e1s certera que escuch\u00e9 y me dej\u00f3 la sensaci\u00f3n que todo lo dem\u00e1s estaba justamente de m\u00e1s.<\/p>\n\n\n\n<p><\/p>\n\n\n\n<p>No s\u00e9 bien cu\u00e1nto tiempo pas\u00f3 desde entonces porque no soy bueno para las fechas pero en estos d\u00edas se me volvieron a venir a la cabeza. <strong>La muerte de Diego y la frase de Guillermo.<\/strong><\/p>\n\n\n\n<p><\/p>\n\n\n\n<p>El tiempo le dio m\u00e1s fuerza a la sentencia. No dud\u00e9 en aquel momento pero mucho menos ahora. Maradona se muri\u00f3 de entorno.<\/p>\n\n\n\n<p><\/p>\n\n\n\n<p>Creo que hubo una imagen actual que hizo de disparador. Otro genio,<strong> Charly,<\/strong> rodeado de personajes que nada tienen que ver con \u00e9l rodeando su silla de ruedas y poni\u00e9ndolo frente a las c\u00e1maras para anunciar que el 11 de septiembre lanzar\u00e1 su nuevo disco.<\/p>\n\n\n\n<p><\/p>\n\n\n\n<p><strong>La l\u00f3gica del escorpi\u00f3n<\/strong> se llama y lo voy a esperar con ganas y seguramente tenga instantes brillantes, conmovedores y todas esas cosas que siempre han tenido los discos de Charly.<\/p>\n\n\n\n<p><\/p>\n\n\n\n<p>Como los goles de Diego, a las canciones de Charly <strong>no las podr\u00eda crear absolutamente nadie m\u00e1s.<\/strong><\/p>\n\n\n\n<p><\/p>\n\n\n\n<p>Pero esa no es la cuesti\u00f3n, la cuesti\u00f3n es <strong>la sensaci\u00f3n tan contradictoria con la que me obligan a esperar el disco.<\/strong><\/p>\n\n\n\n<p><\/p>\n\n\n\n<p>Y el nombre no me parece casual.<\/p>\n\n\n\n<p><\/p>\n\n\n\n<p>***<\/p>\n\n\n\n<hr class=\"wp-block-separator has-alpha-channel-opacity\"\/>\n\n\n\n<p>El escorpi\u00f3n le pidi\u00f3 a la rana que lo cargara para cruzar el r\u00edo, la rana le dijo\u2014\u00bfC\u00f3mo s\u00e9 que no me picar\u00e1s? El escorpi\u00f3n respondi\u00f3: \u2014porque har\u00eda que ambos nos ahog\u00e1ramos. La rana acept\u00f3; y a la mitad del r\u00edo el escorpi\u00f3n pic\u00f3 a la rana. Cuando la rana le pregunt\u00f3 \u00bfpor qu\u00e9?, si los dos vamos a morir; el escorpi\u00f3n respondi\u00f3: \u2014es mi naturaleza.<\/p>\n\n\n\n<p><\/p>\n\n\n\n<p>***<\/p>\n\n\n\n<hr class=\"wp-block-separator has-alpha-channel-opacity\"\/>\n\n\n\n<p>No me anim\u00e9 a pedirle a mi amigo Guillermo en estos d\u00edas una impresi\u00f3n de este regreso a la escena de Charly. <strong>Creo saber qu\u00e9 me dir\u00eda y no quiero escucharlo.<\/strong><\/p>\n\n\n\n<p><\/p>\n\n\n\n<p>Tampoco s\u00e9 muy bien si quiero escuchar ese disco, seguramente ser\u00e1 una manera de envalentonar a los escorpiones que cada tanto vuelven a atacar.<\/p>\n\n\n\n<p><\/p>\n\n\n\n<p>Fue decadente y triste ver a Diego balbuceando y caminando con tanta dificultad mientras los escorpiones lo ladeaban y ofrec\u00edan a las tribunas como su gran trofeo.<\/p>\n\n\n\n<p><\/p>\n\n\n\n<p>Est\u00e1n a punto de hacerlo otra vez y siento que darle play al tema uno <strong>me volver\u00e1 a transformar en c\u00f3mplice de los entornos que matan.<\/strong><\/p>\n\n\n\n<p><\/p>\n\n\n\n<p><em>*Periodista, escritor, conductor de Radioaficionados.<\/em><\/p>\n","protected":false},"excerpt":{"rendered":"<p>De Diego a Charly. Qu\u00e9 pasa con los genios y su entorno, con ellos y la figura del escorpi\u00f3n. Francisco<\/p>\n","protected":false},"author":2,"featured_media":122167,"comment_status":"closed","ping_status":"closed","sticky":false,"template":"","format":"standard","meta":{"_jetpack_memberships_contains_paid_content":false,"footnotes":""},"categories":[9,1],"tags":[],"class_list":["post-123187","post","type-post","status-publish","format-standard","has-post-thumbnail","hentry","category-cultura","category-portada"],"jetpack_featured_media_url":"https:\/\/i0.wp.com\/cdnoticias.com\/wp-content\/uploads\/2024\/08\/maquina-escribir.jpg?fit=800%2C445&ssl=1","jetpack_sharing_enabled":true,"_links":{"self":[{"href":"https:\/\/cdnoticias.com\/index.php\/wp-json\/wp\/v2\/posts\/123187","targetHints":{"allow":["GET"]}}],"collection":[{"href":"https:\/\/cdnoticias.com\/index.php\/wp-json\/wp\/v2\/posts"}],"about":[{"href":"https:\/\/cdnoticias.com\/index.php\/wp-json\/wp\/v2\/types\/post"}],"author":[{"embeddable":true,"href":"https:\/\/cdnoticias.com\/index.php\/wp-json\/wp\/v2\/users\/2"}],"replies":[{"embeddable":true,"href":"https:\/\/cdnoticias.com\/index.php\/wp-json\/wp\/v2\/comments?post=123187"}],"version-history":[{"count":0,"href":"https:\/\/cdnoticias.com\/index.php\/wp-json\/wp\/v2\/posts\/123187\/revisions"}],"wp:featuredmedia":[{"embeddable":true,"href":"https:\/\/cdnoticias.com\/index.php\/wp-json\/wp\/v2\/media\/122167"}],"wp:attachment":[{"href":"https:\/\/cdnoticias.com\/index.php\/wp-json\/wp\/v2\/media?parent=123187"}],"wp:term":[{"taxonomy":"category","embeddable":true,"href":"https:\/\/cdnoticias.com\/index.php\/wp-json\/wp\/v2\/categories?post=123187"},{"taxonomy":"post_tag","embeddable":true,"href":"https:\/\/cdnoticias.com\/index.php\/wp-json\/wp\/v2\/tags?post=123187"}],"curies":[{"name":"wp","href":"https:\/\/api.w.org\/{rel}","templated":true}]}}