{"id":123177,"date":"2024-08-18T09:04:06","date_gmt":"2024-08-18T12:04:06","guid":{"rendered":"https:\/\/cdnoticias.com\/?p=123177"},"modified":"2024-08-18T11:58:47","modified_gmt":"2024-08-18T14:58:47","slug":"numerosos-barrios-de-olavarria-y-zona-rural-afectados-por-un-corte-de-luz","status":"publish","type":"post","link":"https:\/\/cdnoticias.com\/index.php\/2024\/08\/18\/numerosos-barrios-de-olavarria-y-zona-rural-afectados-por-un-corte-de-luz\/","title":{"rendered":"Numerosos barrios de Olavarr\u00eda y zona rural afectados por un corte de luz"},"content":{"rendered":"\n<p>M\u00e1s de 15 sectores de la planta urbana quedaron sin energ\u00eda este domingo por la salida de servicio de una l\u00ednea de media tensi\u00f3n. Adem\u00e1s, est\u00e1 afectada la zona rural y Sierra Chica.<\/p>\n\n\n\n<hr class=\"wp-block-separator has-alpha-channel-opacity\"\/>\n\n\n\n<p>Este domingo se registr\u00f3 la <strong>salida de servicio de la L\u00ednea N\u00b0 1 de Media Tensi\u00f3n<\/strong>, lo cual ocasiona la interrupci\u00f3n del suministro en diversos sectores de la planta urbana y la zona rural.<\/p>\n\n\n\n<p><\/p>\n\n\n\n<blockquote class=\"wp-block-quote is-layout-flow wp-block-quote-is-layout-flow\">\n<p>Seg\u00fan se inform\u00f3 desde Coopelectric, los sectores afectados son los barrios Isaura, Norte, CECO II, Mataderos, Cuarteles, La Candela, La Rural, Carlos Pellegrini, UOCRA, Jard\u00edn, San Carlos, UTA, SCAC; y parte de los barrios Sarmiento, Independencia, San Lorenzo e Hip\u00f3lito Yrigoyen.<\/p>\n<\/blockquote>\n\n\n\n<p><\/p>\n\n\n\n<p>Tambi\u00e9n se encuentran sin suministro el<strong> Parque de Granos, ZALO, los Parques Industriales I, II y V, la zona del aut\u00f3dromo,<\/strong> el sector donde se ubican varios pozos de agua del Servicio Sanitario, la localidad de <strong>Sierra Chica y los sitemas rurales de Crotto, Blanca Grande, Ruta 60 y Pourtal\u00e9.<\/strong><\/p>\n\n\n\n<p><\/p>\n\n\n\n<p>El personal de Coopelectric est\u00e1 realizando las tareas operativas necesarias para poder restablecer el servicio.<\/p>\n","protected":false},"excerpt":{"rendered":"<p>M\u00e1s de 15 sectores de la planta urbana quedaron sin energ\u00eda este domingo por la salida de servicio de una<\/p>\n","protected":false},"author":2,"featured_media":100388,"comment_status":"closed","ping_status":"closed","sticky":false,"template":"","format":"standard","meta":{"_jetpack_memberships_contains_paid_content":false,"footnotes":""},"categories":[5,1],"tags":[],"class_list":["post-123177","post","type-post","status-publish","format-standard","has-post-thumbnail","hentry","category-informacion-general","category-portada"],"jetpack_featured_media_url":"https:\/\/i0.wp.com\/cdnoticias.com\/wp-content\/uploads\/2023\/10\/coopelectric-camion1.webp?fit=800%2C445&ssl=1","jetpack_sharing_enabled":true,"_links":{"self":[{"href":"https:\/\/cdnoticias.com\/index.php\/wp-json\/wp\/v2\/posts\/123177","targetHints":{"allow":["GET"]}}],"collection":[{"href":"https:\/\/cdnoticias.com\/index.php\/wp-json\/wp\/v2\/posts"}],"about":[{"href":"https:\/\/cdnoticias.com\/index.php\/wp-json\/wp\/v2\/types\/post"}],"author":[{"embeddable":true,"href":"https:\/\/cdnoticias.com\/index.php\/wp-json\/wp\/v2\/users\/2"}],"replies":[{"embeddable":true,"href":"https:\/\/cdnoticias.com\/index.php\/wp-json\/wp\/v2\/comments?post=123177"}],"version-history":[{"count":0,"href":"https:\/\/cdnoticias.com\/index.php\/wp-json\/wp\/v2\/posts\/123177\/revisions"}],"wp:featuredmedia":[{"embeddable":true,"href":"https:\/\/cdnoticias.com\/index.php\/wp-json\/wp\/v2\/media\/100388"}],"wp:attachment":[{"href":"https:\/\/cdnoticias.com\/index.php\/wp-json\/wp\/v2\/media?parent=123177"}],"wp:term":[{"taxonomy":"category","embeddable":true,"href":"https:\/\/cdnoticias.com\/index.php\/wp-json\/wp\/v2\/categories?post=123177"},{"taxonomy":"post_tag","embeddable":true,"href":"https:\/\/cdnoticias.com\/index.php\/wp-json\/wp\/v2\/tags?post=123177"}],"curies":[{"name":"wp","href":"https:\/\/api.w.org\/{rel}","templated":true}]}}