{"id":123172,"date":"2024-08-18T08:52:47","date_gmt":"2024-08-18T11:52:47","guid":{"rendered":"https:\/\/cdnoticias.com\/?p=123172"},"modified":"2024-08-18T10:36:16","modified_gmt":"2024-08-18T13:36:16","slug":"un-motociclista-en-grave-estado-tras-un-accidente","status":"publish","type":"post","link":"https:\/\/cdnoticias.com\/index.php\/2024\/08\/18\/un-motociclista-en-grave-estado-tras-un-accidente\/","title":{"rendered":"Un motociclista en grave estado tras un accidente"},"content":{"rendered":"\n<p>Ocurri\u00f3 el s\u00e1bado en Rivadavia y Elpidio Gonz\u00e1lez. El joven de 28 a\u00f1os se encuentra internado en el Hospital Municipal.<\/p>\n\n\n\n<hr class=\"wp-block-separator has-alpha-channel-opacity\"\/>\n\n\n\n<p>El s\u00e1bado por la tarde ocurri\u00f3 un accidente en <strong>Rivadavia y Elpidio Gonz\u00e1lez <\/strong>entre una moto y un auto.<\/p>\n\n\n\n<p><\/p>\n\n\n\n<p>Seg\u00fan se inform\u00f3,<strong> el conductor de una moto Honda Invicta 150 cc. choc\u00f3 desde atr\u00e1s con un auto Chevrolet Sonic <\/strong>conducido por una mujer de 38 a\u00f1os.<\/p>\n\n\n\n<p><\/p>\n\n\n\n<p>Producto del impacto,<strong> el joven debi\u00f3 ser atendido por personal de salud y trasladado de urgencia al Hospital Municipal <\/strong>\u201cDr. H\u00e9ctor Cura\u201d, donde se encuentra internado.<\/p>\n\n\n\n<p><\/p>\n\n\n\n<p>La causa fue caratulada como \u201clesiones culposas\u201d a cargo de la UFI N\u00b0 4 de la doctora Paula Serrano.<\/p>\n","protected":false},"excerpt":{"rendered":"<p>Ocurri\u00f3 el s\u00e1bado en Rivadavia y Elpidio Gonz\u00e1lez. El joven de 28 a\u00f1os se encuentra internado en el Hospital Municipal.<\/p>\n","protected":false},"author":2,"featured_media":123173,"comment_status":"closed","ping_status":"closed","sticky":false,"template":"","format":"standard","meta":{"_jetpack_memberships_contains_paid_content":false,"footnotes":""},"categories":[14],"tags":[],"class_list":["post-123172","post","type-post","status-publish","format-standard","has-post-thumbnail","hentry","category-policiales"],"jetpack_featured_media_url":"https:\/\/i0.wp.com\/cdnoticias.com\/wp-content\/uploads\/2024\/08\/accidente-rivadavia-elpidiogonzalez.jpg?fit=800%2C430&ssl=1","jetpack_sharing_enabled":true,"_links":{"self":[{"href":"https:\/\/cdnoticias.com\/index.php\/wp-json\/wp\/v2\/posts\/123172","targetHints":{"allow":["GET"]}}],"collection":[{"href":"https:\/\/cdnoticias.com\/index.php\/wp-json\/wp\/v2\/posts"}],"about":[{"href":"https:\/\/cdnoticias.com\/index.php\/wp-json\/wp\/v2\/types\/post"}],"author":[{"embeddable":true,"href":"https:\/\/cdnoticias.com\/index.php\/wp-json\/wp\/v2\/users\/2"}],"replies":[{"embeddable":true,"href":"https:\/\/cdnoticias.com\/index.php\/wp-json\/wp\/v2\/comments?post=123172"}],"version-history":[{"count":0,"href":"https:\/\/cdnoticias.com\/index.php\/wp-json\/wp\/v2\/posts\/123172\/revisions"}],"wp:featuredmedia":[{"embeddable":true,"href":"https:\/\/cdnoticias.com\/index.php\/wp-json\/wp\/v2\/media\/123173"}],"wp:attachment":[{"href":"https:\/\/cdnoticias.com\/index.php\/wp-json\/wp\/v2\/media?parent=123172"}],"wp:term":[{"taxonomy":"category","embeddable":true,"href":"https:\/\/cdnoticias.com\/index.php\/wp-json\/wp\/v2\/categories?post=123172"},{"taxonomy":"post_tag","embeddable":true,"href":"https:\/\/cdnoticias.com\/index.php\/wp-json\/wp\/v2\/tags?post=123172"}],"curies":[{"name":"wp","href":"https:\/\/api.w.org\/{rel}","templated":true}]}}