{"id":123149,"date":"2024-08-17T17:32:24","date_gmt":"2024-08-17T20:32:24","guid":{"rendered":"https:\/\/cdnoticias.com\/?p=123149"},"modified":"2024-08-17T21:12:54","modified_gmt":"2024-08-18T00:12:54","slug":"se-realizo-el-acto-oficial-en-conmemoracion-al-fallecimiento-del-general-san-martin","status":"publish","type":"post","link":"https:\/\/cdnoticias.com\/index.php\/2024\/08\/17\/se-realizo-el-acto-oficial-en-conmemoracion-al-fallecimiento-del-general-san-martin\/","title":{"rendered":"Se realiz\u00f3 el acto oficial en conmemoraci\u00f3n al fallecimiento del General San Mart\u00edn"},"content":{"rendered":"\n<p>Fue en la tarde de este s\u00e1bado en el Parque del Bicentenario. El intendente Wesner encabez\u00f3 la actividad: \u201crecordar a San Mart\u00edn es traer al presente su honradez, un hombre de principios y de valores\u201d dijo.<\/p>\n\n\n\n<hr class=\"wp-block-separator aligncenter has-alpha-channel-opacity\"\/>\n\n\n\n<p>En la tarde de este s\u00e1bado<strong> se desarroll\u00f3, en el Parque del Bicentenario, el acto oficial en conmemoraci\u00f3n del Paso a la Inmortalidad del General Don Jos\u00e9 de San Mart\u00edn.<\/strong><\/p>\n\n\n\n<p>El emotivo acto<strong> se realiz\u00f3 al pie del monumento que rinde homenaje al Padre de la Patria. Fue organizado por la Municipalidad del partido de Olavarr\u00eda, la Asociaci\u00f3n Cultural Sanmartiniana y la Guarnici\u00f3n Ej\u00e9rcito Olavarr\u00eda.<\/strong><\/p>\n\n\n\n<figure class=\"wp-block-image size-large\"><img data-recalc-dims=\"1\" loading=\"lazy\" decoding=\"async\" width=\"800\" height=\"532\" src=\"https:\/\/i0.wp.com\/cdnoticias.com\/wp-content\/uploads\/2024\/08\/IMG_5038.jpeg?resize=800%2C532&#038;ssl=1\" alt=\"\" class=\"wp-image-123154\" srcset=\"https:\/\/i0.wp.com\/cdnoticias.com\/wp-content\/uploads\/2024\/08\/IMG_5038.jpeg?resize=1024%2C681&amp;ssl=1 1024w, https:\/\/i0.wp.com\/cdnoticias.com\/wp-content\/uploads\/2024\/08\/IMG_5038.jpeg?resize=300%2C200&amp;ssl=1 300w, https:\/\/i0.wp.com\/cdnoticias.com\/wp-content\/uploads\/2024\/08\/IMG_5038.jpeg?resize=768%2C511&amp;ssl=1 768w, https:\/\/i0.wp.com\/cdnoticias.com\/wp-content\/uploads\/2024\/08\/IMG_5038.jpeg?resize=272%2C182&amp;ssl=1 272w, https:\/\/i0.wp.com\/cdnoticias.com\/wp-content\/uploads\/2024\/08\/IMG_5038.jpeg?w=1400&amp;ssl=1 1400w\" sizes=\"auto, (max-width: 800px) 100vw, 800px\" \/><\/figure>\n\n\n\n<p>El acto fue encabezado por el intendente Wesner y cont\u00f3 con la presencia de funcionarios municipales, autoridades educativas y representantes de distintas instituciones de la comunidad.<\/p>\n\n\n\n<figure class=\"wp-block-image size-large\"><img data-recalc-dims=\"1\" loading=\"lazy\" decoding=\"async\" width=\"800\" height=\"532\" src=\"https:\/\/i0.wp.com\/cdnoticias.com\/wp-content\/uploads\/2024\/08\/IMG_5037.jpeg?resize=800%2C532&#038;ssl=1\" alt=\"\" class=\"wp-image-123153\" srcset=\"https:\/\/i0.wp.com\/cdnoticias.com\/wp-content\/uploads\/2024\/08\/IMG_5037.jpeg?resize=1024%2C681&amp;ssl=1 1024w, https:\/\/i0.wp.com\/cdnoticias.com\/wp-content\/uploads\/2024\/08\/IMG_5037.jpeg?resize=300%2C200&amp;ssl=1 300w, https:\/\/i0.wp.com\/cdnoticias.com\/wp-content\/uploads\/2024\/08\/IMG_5037.jpeg?resize=768%2C511&amp;ssl=1 768w, https:\/\/i0.wp.com\/cdnoticias.com\/wp-content\/uploads\/2024\/08\/IMG_5037.jpeg?resize=272%2C182&amp;ssl=1 272w, https:\/\/i0.wp.com\/cdnoticias.com\/wp-content\/uploads\/2024\/08\/IMG_5037.jpeg?w=1400&amp;ssl=1 1400w\" sizes=\"auto, (max-width: 800px) 100vw, 800px\" \/><\/figure>\n\n\n\n<p>Tras la entonaci\u00f3n del Himno Nacional Argentino, hizo uso de la palabra el representante de<strong> Asociaci\u00f3n Cultural Sanmartiniana, Osvaldo Roberto D\u00edaz, quien defini\u00f3 a San Mart\u00edn como: \u201cUn hombre que cambi\u00f3 el curso de nuestra historia, libertador de tres pa\u00edses y un h\u00e9roe para toda Am\u00e9rica\u201d.<\/strong><\/p>\n\n\n\n<p>Seguidamente habl\u00f3 el <strong>Intendente Maximiliano Wesner: \u201cHoy es una fecha clave para la historia de nuestro pa\u00eds y nuestra patria. Recordar al general San Mart\u00edn sin lugar a dudas es traer al presente su honradez, un hombre de principios y de valores. Que luch\u00f3 por la justicia social, la soberan\u00eda y la independencia\u201d.<\/strong><\/p>\n\n\n\n<figure class=\"wp-block-image size-large\"><img data-recalc-dims=\"1\" loading=\"lazy\" decoding=\"async\" width=\"800\" height=\"532\" src=\"https:\/\/i0.wp.com\/cdnoticias.com\/wp-content\/uploads\/2024\/08\/IMG_5041.jpeg?resize=800%2C532&#038;ssl=1\" alt=\"\" class=\"wp-image-123156\" srcset=\"https:\/\/i0.wp.com\/cdnoticias.com\/wp-content\/uploads\/2024\/08\/IMG_5041.jpeg?resize=1024%2C681&amp;ssl=1 1024w, https:\/\/i0.wp.com\/cdnoticias.com\/wp-content\/uploads\/2024\/08\/IMG_5041.jpeg?resize=300%2C200&amp;ssl=1 300w, https:\/\/i0.wp.com\/cdnoticias.com\/wp-content\/uploads\/2024\/08\/IMG_5041.jpeg?resize=768%2C511&amp;ssl=1 768w, https:\/\/i0.wp.com\/cdnoticias.com\/wp-content\/uploads\/2024\/08\/IMG_5041.jpeg?resize=272%2C182&amp;ssl=1 272w, https:\/\/i0.wp.com\/cdnoticias.com\/wp-content\/uploads\/2024\/08\/IMG_5041.jpeg?w=1400&amp;ssl=1 1400w\" sizes=\"auto, (max-width: 800px) 100vw, 800px\" \/><\/figure>\n\n\n\n<p>Durante el acto<strong> hubo colocaci\u00f3n de palmas, por parte de la agrupaci\u00f3n de Veteranos de Naciones Unidas de Olavarr\u00eda y luego hizo lo propio, en reconocimiento al padre de la patria por parte del Partido de Olavarr\u00eda, la Municipalidad, la Guarnici\u00f3n del Ej\u00e9rcito, la Asociaci\u00f3n Cultural Sanmartiniana y el Honorable Concejo Deliberante.<\/strong><\/p>\n\n\n\n<figure class=\"wp-block-image size-large\"><img data-recalc-dims=\"1\" loading=\"lazy\" decoding=\"async\" width=\"800\" height=\"532\" src=\"https:\/\/i0.wp.com\/cdnoticias.com\/wp-content\/uploads\/2024\/08\/IMG_5039.jpeg?resize=800%2C532&#038;ssl=1\" alt=\"\" class=\"wp-image-123155\" srcset=\"https:\/\/i0.wp.com\/cdnoticias.com\/wp-content\/uploads\/2024\/08\/IMG_5039.jpeg?resize=1024%2C681&amp;ssl=1 1024w, https:\/\/i0.wp.com\/cdnoticias.com\/wp-content\/uploads\/2024\/08\/IMG_5039.jpeg?resize=300%2C200&amp;ssl=1 300w, https:\/\/i0.wp.com\/cdnoticias.com\/wp-content\/uploads\/2024\/08\/IMG_5039.jpeg?resize=768%2C511&amp;ssl=1 768w, https:\/\/i0.wp.com\/cdnoticias.com\/wp-content\/uploads\/2024\/08\/IMG_5039.jpeg?resize=272%2C182&amp;ssl=1 272w, https:\/\/i0.wp.com\/cdnoticias.com\/wp-content\/uploads\/2024\/08\/IMG_5039.jpeg?w=1400&amp;ssl=1 1400w\" sizes=\"auto, (max-width: 800px) 100vw, 800px\" \/><\/figure>\n\n\n\n<p>En ese marco, <strong>a las 15 horas, el mismo horario que en el a\u00f1o 1850 se produjo el Paso a la Inmortalidad del General Don Jos\u00e9 de San Mart\u00edn, se coloc\u00f3 la Bandera Nacional a media asta y se realiz\u00f3 un minuto de silencio en su memoria.<\/strong><\/p>\n\n\n\n<figure class=\"wp-block-image size-large\"><img data-recalc-dims=\"1\" loading=\"lazy\" decoding=\"async\" width=\"800\" height=\"532\" src=\"https:\/\/i0.wp.com\/cdnoticias.com\/wp-content\/uploads\/2024\/08\/IMG_5035.jpeg?resize=800%2C532&#038;ssl=1\" alt=\"\" class=\"wp-image-123152\" srcset=\"https:\/\/i0.wp.com\/cdnoticias.com\/wp-content\/uploads\/2024\/08\/IMG_5035.jpeg?resize=1024%2C681&amp;ssl=1 1024w, https:\/\/i0.wp.com\/cdnoticias.com\/wp-content\/uploads\/2024\/08\/IMG_5035.jpeg?resize=300%2C200&amp;ssl=1 300w, https:\/\/i0.wp.com\/cdnoticias.com\/wp-content\/uploads\/2024\/08\/IMG_5035.jpeg?resize=768%2C511&amp;ssl=1 768w, https:\/\/i0.wp.com\/cdnoticias.com\/wp-content\/uploads\/2024\/08\/IMG_5035.jpeg?resize=272%2C182&amp;ssl=1 272w, https:\/\/i0.wp.com\/cdnoticias.com\/wp-content\/uploads\/2024\/08\/IMG_5035.jpeg?w=1400&amp;ssl=1 1400w\" sizes=\"auto, (max-width: 800px) 100vw, 800px\" \/><\/figure>\n\n\n\n<figure class=\"wp-block-image size-large\"><img data-recalc-dims=\"1\" loading=\"lazy\" decoding=\"async\" width=\"800\" height=\"532\" src=\"https:\/\/i0.wp.com\/cdnoticias.com\/wp-content\/uploads\/2024\/08\/IMG_5033.jpeg?resize=800%2C532&#038;ssl=1\" alt=\"\" class=\"wp-image-123151\" srcset=\"https:\/\/i0.wp.com\/cdnoticias.com\/wp-content\/uploads\/2024\/08\/IMG_5033.jpeg?resize=1024%2C681&amp;ssl=1 1024w, https:\/\/i0.wp.com\/cdnoticias.com\/wp-content\/uploads\/2024\/08\/IMG_5033.jpeg?resize=300%2C200&amp;ssl=1 300w, https:\/\/i0.wp.com\/cdnoticias.com\/wp-content\/uploads\/2024\/08\/IMG_5033.jpeg?resize=768%2C511&amp;ssl=1 768w, https:\/\/i0.wp.com\/cdnoticias.com\/wp-content\/uploads\/2024\/08\/IMG_5033.jpeg?resize=272%2C182&amp;ssl=1 272w, https:\/\/i0.wp.com\/cdnoticias.com\/wp-content\/uploads\/2024\/08\/IMG_5033.jpeg?w=1400&amp;ssl=1 1400w\" sizes=\"auto, (max-width: 800px) 100vw, 800px\" \/><\/figure>\n\n\n\n<figure class=\"wp-block-image size-large\"><img data-recalc-dims=\"1\" loading=\"lazy\" decoding=\"async\" width=\"800\" height=\"532\" src=\"https:\/\/i0.wp.com\/cdnoticias.com\/wp-content\/uploads\/2024\/08\/IMG_5042.jpeg?resize=800%2C532&#038;ssl=1\" alt=\"\" class=\"wp-image-123157\" srcset=\"https:\/\/i0.wp.com\/cdnoticias.com\/wp-content\/uploads\/2024\/08\/IMG_5042.jpeg?resize=1024%2C681&amp;ssl=1 1024w, https:\/\/i0.wp.com\/cdnoticias.com\/wp-content\/uploads\/2024\/08\/IMG_5042.jpeg?resize=300%2C200&amp;ssl=1 300w, https:\/\/i0.wp.com\/cdnoticias.com\/wp-content\/uploads\/2024\/08\/IMG_5042.jpeg?resize=768%2C511&amp;ssl=1 768w, https:\/\/i0.wp.com\/cdnoticias.com\/wp-content\/uploads\/2024\/08\/IMG_5042.jpeg?resize=272%2C182&amp;ssl=1 272w, https:\/\/i0.wp.com\/cdnoticias.com\/wp-content\/uploads\/2024\/08\/IMG_5042.jpeg?w=1400&amp;ssl=1 1400w\" sizes=\"auto, (max-width: 800px) 100vw, 800px\" \/><\/figure>\n\n\n\n<p>Adem\u00e1s de funcionarios municipales, legisladores, delegados Municipales, abanderados de distintas escuelas privadas y p\u00fablicas, autoridades educativas, tambi\u00e9n estuvieron presentes el jefe del escuadr\u00f3n de ingenieros blindado 1, mayor Marcelo Vallejos, el segundo jefe de Regimiento Mayor Juan Manuel Osinalde, el presidente de la Asociaci\u00f3n Cultural Sanmartiniana, H\u00e9ctor Hoyos, Asociaci\u00f3n Cultural Belgraniana, Agrupaci\u00f3n Veteranos de guerra 2 de Abril, Agrupaci\u00f3n veteranos Naciones Unidas ciudad de Olavarr\u00eda, Agrupaci\u00f3n Soldados continentales, familiares del Capit\u00e1n de Corbeta Diego Wagner Clar, Uni\u00f3n de colectividades, Coopelectric, bomberos voluntarios, concejales de distintos bloques y representantes de las fuerzas vivas e institucionales del partido.<\/p>\n","protected":false},"excerpt":{"rendered":"<p>Fue en la tarde de este s\u00e1bado en el Parque del Bicentenario. El intendente Wesner encabez\u00f3 la actividad: \u201crecordar a<\/p>\n","protected":false},"author":2,"featured_media":123150,"comment_status":"closed","ping_status":"closed","sticky":false,"template":"","format":"standard","meta":{"_jetpack_memberships_contains_paid_content":false,"footnotes":""},"categories":[5,1],"tags":[],"class_list":["post-123149","post","type-post","status-publish","format-standard","has-post-thumbnail","hentry","category-informacion-general","category-portada"],"jetpack_featured_media_url":"https:\/\/i0.wp.com\/cdnoticias.com\/wp-content\/uploads\/2024\/08\/IMG_5034.jpeg?fit=1400%2C931&ssl=1","jetpack_sharing_enabled":true,"_links":{"self":[{"href":"https:\/\/cdnoticias.com\/index.php\/wp-json\/wp\/v2\/posts\/123149","targetHints":{"allow":["GET"]}}],"collection":[{"href":"https:\/\/cdnoticias.com\/index.php\/wp-json\/wp\/v2\/posts"}],"about":[{"href":"https:\/\/cdnoticias.com\/index.php\/wp-json\/wp\/v2\/types\/post"}],"author":[{"embeddable":true,"href":"https:\/\/cdnoticias.com\/index.php\/wp-json\/wp\/v2\/users\/2"}],"replies":[{"embeddable":true,"href":"https:\/\/cdnoticias.com\/index.php\/wp-json\/wp\/v2\/comments?post=123149"}],"version-history":[{"count":0,"href":"https:\/\/cdnoticias.com\/index.php\/wp-json\/wp\/v2\/posts\/123149\/revisions"}],"wp:featuredmedia":[{"embeddable":true,"href":"https:\/\/cdnoticias.com\/index.php\/wp-json\/wp\/v2\/media\/123150"}],"wp:attachment":[{"href":"https:\/\/cdnoticias.com\/index.php\/wp-json\/wp\/v2\/media?parent=123149"}],"wp:term":[{"taxonomy":"category","embeddable":true,"href":"https:\/\/cdnoticias.com\/index.php\/wp-json\/wp\/v2\/categories?post=123149"},{"taxonomy":"post_tag","embeddable":true,"href":"https:\/\/cdnoticias.com\/index.php\/wp-json\/wp\/v2\/tags?post=123149"}],"curies":[{"name":"wp","href":"https:\/\/api.w.org\/{rel}","templated":true}]}}