{"id":123145,"date":"2024-08-17T16:49:31","date_gmt":"2024-08-17T19:49:31","guid":{"rendered":"https:\/\/cdnoticias.com\/?p=123145"},"modified":"2024-08-17T16:49:33","modified_gmt":"2024-08-17T19:49:33","slug":"susana-ofelia-berrino-forte-viuda-de-lemma-q-e-p-d","status":"publish","type":"post","link":"https:\/\/cdnoticias.com\/index.php\/2024\/08\/17\/susana-ofelia-berrino-forte-viuda-de-lemma-q-e-p-d\/","title":{"rendered":"Susana Ofelia Berrino Forte viuda de Lemma (Q.E.P.D.)"},"content":{"rendered":"\n<hr class=\"wp-block-separator aligncenter has-alpha-channel-opacity\"\/>\n\n\n\n<p>Falleci\u00f3 en Olavarr\u00eda el 17 de agosto de 2024 a los 100 a\u00f1os. Su hijo. Su hija pol\u00edtica. Sus nietos. Sus nietos pol\u00edticos. Sus bisnietos. Sus sobrinos y dem\u00e1s deudos participan su fallecimiento.<\/p>\n\n\n\n<p>El responso ser\u00e1 en la Capilla Ardiente este domingo 18 de agosto a las 09:00 horas y los restos ser\u00e1n inhumados en el Cementerio Loma de Paz a las 09:30. Servicio adherido a Coopelectric.<\/p>\n\n\n\n<p>Nacida en Olavarr\u00eda, vecina de microcentro, jubilada y pensionada.<\/p>\n","protected":false},"excerpt":{"rendered":"<p>Falleci\u00f3 en Olavarr\u00eda el 17 de agosto de 2024 a los 100 a\u00f1os. Su hijo. Su hija pol\u00edtica. Sus nietos.<\/p>\n","protected":false},"author":2,"featured_media":100390,"comment_status":"closed","ping_status":"closed","sticky":false,"template":"","format":"standard","meta":{"_jetpack_memberships_contains_paid_content":false,"footnotes":""},"categories":[10],"tags":[],"class_list":["post-123145","post","type-post","status-publish","format-standard","has-post-thumbnail","hentry","category-necrologicas"],"jetpack_featured_media_url":"https:\/\/i0.wp.com\/cdnoticias.com\/wp-content\/uploads\/2023\/10\/necrologicas-390-x-240.jpg?fit=390%2C240&ssl=1","jetpack_sharing_enabled":true,"_links":{"self":[{"href":"https:\/\/cdnoticias.com\/index.php\/wp-json\/wp\/v2\/posts\/123145","targetHints":{"allow":["GET"]}}],"collection":[{"href":"https:\/\/cdnoticias.com\/index.php\/wp-json\/wp\/v2\/posts"}],"about":[{"href":"https:\/\/cdnoticias.com\/index.php\/wp-json\/wp\/v2\/types\/post"}],"author":[{"embeddable":true,"href":"https:\/\/cdnoticias.com\/index.php\/wp-json\/wp\/v2\/users\/2"}],"replies":[{"embeddable":true,"href":"https:\/\/cdnoticias.com\/index.php\/wp-json\/wp\/v2\/comments?post=123145"}],"version-history":[{"count":0,"href":"https:\/\/cdnoticias.com\/index.php\/wp-json\/wp\/v2\/posts\/123145\/revisions"}],"wp:featuredmedia":[{"embeddable":true,"href":"https:\/\/cdnoticias.com\/index.php\/wp-json\/wp\/v2\/media\/100390"}],"wp:attachment":[{"href":"https:\/\/cdnoticias.com\/index.php\/wp-json\/wp\/v2\/media?parent=123145"}],"wp:term":[{"taxonomy":"category","embeddable":true,"href":"https:\/\/cdnoticias.com\/index.php\/wp-json\/wp\/v2\/categories?post=123145"},{"taxonomy":"post_tag","embeddable":true,"href":"https:\/\/cdnoticias.com\/index.php\/wp-json\/wp\/v2\/tags?post=123145"}],"curies":[{"name":"wp","href":"https:\/\/api.w.org\/{rel}","templated":true}]}}