{"id":123130,"date":"2024-08-16T23:54:00","date_gmt":"2024-08-17T12:08:53","guid":{"rendered":"https:\/\/cdnoticias.com\/?p=123130"},"modified":"2025-02-13T21:40:58","modified_gmt":"2025-02-14T00:40:58","slug":"gonzalo-andreasen-dio-el-pesaje-y-peleara-en-la-plata","status":"publish","type":"post","link":"https:\/\/cdnoticias.com\/index.php\/2024\/08\/16\/gonzalo-andreasen-dio-el-pesaje-y-peleara-en-la-plata\/","title":{"rendered":"Gonzalo Andreasen dio el pesaje y pelear\u00e1 en La Plata"},"content":{"rendered":"\n<div class=\"wp-block-group is-layout-constrained wp-block-group-is-layout-constrained\">\n<p>\u201cLa Pantera\u201d subir\u00e1 nuevamente al cuadril\u00e1tero y se medir\u00e1 este s\u00e1bado ante Nicol\u00e1s Falabella en el gimnasio del Club San Ponciano.<!--more--><\/p>\n<hr \/>\n<p>Un mes y cinco d\u00edas despu\u00e9s de su <a href=\"https:\/\/cdnoticias.com\/boxeo-gonzalo-andreasen-sumo-una-nueva-conquista-en-su-carrera\/\">\u00faltima victoria<\/a> en la velada celebrada en el Club El Fort\u00edn, <strong>Gonzalo \u201cLa Pantera\u201d Andreasen afrontar\u00e1 un nuevo desaf\u00edo box\u00edstico en la capital bonaerense<\/strong>.<\/p>\n<p>\u00a0<\/p>\n<p>El festival de boxeo, que se llevar\u00e1 adelante este s\u00e1bado por la tarde noche en el gimnasio del<strong> Club San Ponciano<\/strong>, ser\u00e1 de car\u00e1cter amateur \u2013 profesional y contar\u00e1 con siete contiendas en agenda.<\/p>\n<p>\u00a0<\/p>\n<p><strong>All\u00ed, el p\u00fagil radicado en nuestra ciudad tomar\u00e1 partido en uno de los combates de doble fondo y enfrentar\u00e1 a Nicol\u00e1s Falabella (1-7-2), oriundo de Chacabuco.<\/strong><\/p>\n<p>\u00a0<\/p>\n<p>Este viernes, en el pesaje previo correspondiente,<strong> Andreasen acus\u00f3 en la b\u00e1scula un peso de 79,2 kilogramos<\/strong>, en tanto que<strong> su rival marc\u00f3 un registro de 77 kilos<\/strong>. De tal forma, la pelea qued\u00f3 enmarcada bajo la categor\u00eda <strong>Medio Pesado<\/strong>.<\/p>\n<p>\u00a0<\/p>\n<p>Ser\u00e1 la tercera presentaci\u00f3n del a\u00f1o para \u201cLa Pantera\u201d, quien ostenta un parejo r\u00e9cord de <strong>12 triunfos (8KO) y 12 derrotas (8KO)<\/strong>.<\/p>\n<\/div>\n","protected":false},"excerpt":{"rendered":"<p>\u201cLa Pantera\u201d subir\u00e1 nuevamente al cuadril\u00e1tero y se medir\u00e1 este s\u00e1bado ante Nicol\u00e1s Falabella en el gimnasio del Club San<\/p>\n","protected":false},"author":96739694,"featured_media":162319,"comment_status":"closed","ping_status":"closed","sticky":false,"template":"","format":"standard","meta":{"_jetpack_memberships_contains_paid_content":false,"footnotes":""},"categories":[30,1],"tags":[],"class_list":["post-123130","post","type-post","status-publish","format-standard","has-post-thumbnail","hentry","category-polideportivo","category-portada"],"jetpack_featured_media_url":"https:\/\/i0.wp.com\/cdnoticias.com\/wp-content\/uploads\/2024\/08\/Gonzalo-Andreasen-vs-Nicolas-Falabella-en-La-Plata-e1723863303391.jpeg?fit=751%2C436&ssl=1","jetpack_sharing_enabled":true,"_links":{"self":[{"href":"https:\/\/cdnoticias.com\/index.php\/wp-json\/wp\/v2\/posts\/123130","targetHints":{"allow":["GET"]}}],"collection":[{"href":"https:\/\/cdnoticias.com\/index.php\/wp-json\/wp\/v2\/posts"}],"about":[{"href":"https:\/\/cdnoticias.com\/index.php\/wp-json\/wp\/v2\/types\/post"}],"author":[{"embeddable":true,"href":"https:\/\/cdnoticias.com\/index.php\/wp-json\/wp\/v2\/users\/96739694"}],"replies":[{"embeddable":true,"href":"https:\/\/cdnoticias.com\/index.php\/wp-json\/wp\/v2\/comments?post=123130"}],"version-history":[{"count":0,"href":"https:\/\/cdnoticias.com\/index.php\/wp-json\/wp\/v2\/posts\/123130\/revisions"}],"wp:featuredmedia":[{"embeddable":true,"href":"https:\/\/cdnoticias.com\/index.php\/wp-json\/wp\/v2\/media\/162319"}],"wp:attachment":[{"href":"https:\/\/cdnoticias.com\/index.php\/wp-json\/wp\/v2\/media?parent=123130"}],"wp:term":[{"taxonomy":"category","embeddable":true,"href":"https:\/\/cdnoticias.com\/index.php\/wp-json\/wp\/v2\/categories?post=123130"},{"taxonomy":"post_tag","embeddable":true,"href":"https:\/\/cdnoticias.com\/index.php\/wp-json\/wp\/v2\/tags?post=123130"}],"curies":[{"name":"wp","href":"https:\/\/api.w.org\/{rel}","templated":true}]}}