{"id":123114,"date":"2024-08-16T20:27:13","date_gmt":"2024-08-16T23:27:13","guid":{"rendered":"https:\/\/cdnoticias.com\/?p=123114"},"modified":"2024-08-17T09:24:55","modified_gmt":"2024-08-17T12:24:55","slug":"dia-de-las-infancias-informaron-que-el-transporte-sera-gratuito","status":"publish","type":"post","link":"https:\/\/cdnoticias.com\/index.php\/2024\/08\/16\/dia-de-las-infancias-informaron-que-el-transporte-sera-gratuito\/","title":{"rendered":"D\u00eda de las Infancias: informaron que el transporte ser\u00e1 gratuito"},"content":{"rendered":"\n<p>Ser\u00e1 tanto para la l\u00ednea urbana como la l\u00ednea interurbana en ciertos horarios espec\u00edficos. Conoc\u00e9 el detalle.<\/p>\n\n\n\n<hr class=\"wp-block-separator aligncenter has-alpha-channel-opacity\"\/>\n\n\n\n<p>En el marco de la celebraci\u00f3n del<strong> D\u00eda de las Infancias en el predio de La Rural, el Municipio inform\u00f3 que el domingo 18 el transporte p\u00fablico ser\u00e1 gratuito. Regir\u00e1 tanto para el transporte urbano como interurbano.<\/strong><\/p>\n\n\n\n<p>Se inform\u00f3, en detalle, que<strong> la l\u00ednea urbana no se cobrar\u00e1 de 13:00 a 19:00 horas.<\/strong><\/p>\n\n\n\n<p>Con respecto a la<strong> l\u00ednea interurbana, pondr\u00e1n unidades que saldr\u00e1n a las 12:00 horas de cada localidad hasta avenida Ituzaing\u00f3 y Balcarce y vuelven a las 18:00 horas desde ese punto a las localidades, tambi\u00e9n sin costo.<\/strong><\/p>\n\n\n\n<p>Con esta medida se buscar\u00e1 que mayor cantidad de vecinos y vecinas con sus ni\u00f1os puedan asistir a esta importante festividad organizada por MANO y la comuna desde las 14:00 horas.<\/p>\n","protected":false},"excerpt":{"rendered":"<p>Ser\u00e1 tanto para la l\u00ednea urbana como la l\u00ednea interurbana en ciertos horarios espec\u00edficos. Conoc\u00e9 el detalle. En el marco<\/p>\n","protected":false},"author":2,"featured_media":67720,"comment_status":"closed","ping_status":"closed","sticky":false,"template":"","format":"standard","meta":{"_jetpack_memberships_contains_paid_content":false,"footnotes":""},"categories":[5,1],"tags":[],"class_list":["post-123114","post","type-post","status-publish","format-standard","has-post-thumbnail","hentry","category-informacion-general","category-portada"],"jetpack_featured_media_url":"https:\/\/i0.wp.com\/cdnoticias.com\/wp-content\/uploads\/2022\/10\/colectivo-tu-bus.jpg?fit=800%2C445&ssl=1","jetpack_sharing_enabled":true,"_links":{"self":[{"href":"https:\/\/cdnoticias.com\/index.php\/wp-json\/wp\/v2\/posts\/123114","targetHints":{"allow":["GET"]}}],"collection":[{"href":"https:\/\/cdnoticias.com\/index.php\/wp-json\/wp\/v2\/posts"}],"about":[{"href":"https:\/\/cdnoticias.com\/index.php\/wp-json\/wp\/v2\/types\/post"}],"author":[{"embeddable":true,"href":"https:\/\/cdnoticias.com\/index.php\/wp-json\/wp\/v2\/users\/2"}],"replies":[{"embeddable":true,"href":"https:\/\/cdnoticias.com\/index.php\/wp-json\/wp\/v2\/comments?post=123114"}],"version-history":[{"count":0,"href":"https:\/\/cdnoticias.com\/index.php\/wp-json\/wp\/v2\/posts\/123114\/revisions"}],"wp:featuredmedia":[{"embeddable":true,"href":"https:\/\/cdnoticias.com\/index.php\/wp-json\/wp\/v2\/media\/67720"}],"wp:attachment":[{"href":"https:\/\/cdnoticias.com\/index.php\/wp-json\/wp\/v2\/media?parent=123114"}],"wp:term":[{"taxonomy":"category","embeddable":true,"href":"https:\/\/cdnoticias.com\/index.php\/wp-json\/wp\/v2\/categories?post=123114"},{"taxonomy":"post_tag","embeddable":true,"href":"https:\/\/cdnoticias.com\/index.php\/wp-json\/wp\/v2\/tags?post=123114"}],"curies":[{"name":"wp","href":"https:\/\/api.w.org\/{rel}","templated":true}]}}