{"id":123079,"date":"2024-08-16T18:09:12","date_gmt":"2024-08-16T21:09:12","guid":{"rendered":"https:\/\/cdnoticias.com\/?p=123079"},"modified":"2024-08-16T18:09:14","modified_gmt":"2024-08-16T21:09:14","slug":"jornada-sobre-el-abordaje-interdisciplinario-de-violencia-sexual-destinada-a-personal-de-salud","status":"publish","type":"post","link":"https:\/\/cdnoticias.com\/index.php\/2024\/08\/16\/jornada-sobre-el-abordaje-interdisciplinario-de-violencia-sexual-destinada-a-personal-de-salud\/","title":{"rendered":"Jornada sobre el abordaje interdisciplinario de violencia sexual destinada a personal de salud"},"content":{"rendered":"\n<p>Focalizaron en la respuesta de quienes intervienen en estas situaciones: pr\u00e1cticas, gu\u00edas y protocolos.<\/p>\n\n\n\n<hr class=\"wp-block-separator has-alpha-channel-opacity\"\/>\n\n\n\n<p>Este jueves en el SUM del Hospital de Oncolog\u00eda &#8220;Luciano Fortabat&#8221; se llev\u00f3 a cabo una jornada de <strong>capacitaci\u00f3n en abordaje en violencia sexual destinada al personal de salud del Hospital Municipal.<\/strong><\/p>\n\n\n\n<p><\/p>\n\n\n\n<p>En el encuentro se socializaron las<strong> pr\u00e1cticas, gu\u00edas y protocolos promovidos por el Ministerio de Salud de la Provincia, la normativa procesal y las gu\u00edas de abordaje en las investigaciones promovidas desde el Ministerio P\u00fablico Fiscal,<\/strong> destacando el abordaje en la respuesta de quienes intervienen en las situaciones de violencia sexual: <strong>denuncia, revisi\u00f3n m\u00e9dica, pericia m\u00e9dica, toma de muestras, preservaci\u00f3n de evidencia, coordinaci\u00f3n entre los actores de la \u201cruta cr\u00edtica\u201d.<\/strong><\/p>\n\n\n\n<p><\/p>\n\n\n\n<p>En el marco del trabajo interdisciplinario y con el apoyo del Comit\u00e9 Administrativo de Salud del Municipio se realiz\u00f3 la jornada que cont\u00f3 con la participaci\u00f3n de <strong>representantes del Ministerio P\u00fablico <\/strong>Fiscal Dra. Mariela Viceconte (Agente Fiscal) Jos\u00e9 Iturralde (Ayudante Fiscal), Guadalupe Barraza (Secretaria de primera instancia), Dra,Andrea Cabutti (Instructora Judicial) y Dra. Carolina March (Auxiliar Letrada) y la Dra. Bioqu\u00edmica Anal\u00eda Margherithis del laboratorio de Fiscal\u00eda General; as\u00ed como tambi\u00e9n la participaci\u00f3n de la <strong>Directora de Mujeres, G\u00e9neros y Diversidad del Municipio<\/strong>, Dra. Patricia P\u00e9rez; por <strong>polic\u00eda cient\u00edfica<\/strong> la Dra. Romina Perli, jefa de Cuerpo M\u00e9dico y la Dra Laura Chaparro; y en representaci\u00f3n de la <strong>Comisar\u00eda de la Mujer Olavarr\u00eda<\/strong> Oficial Principal Laura Barraza (segunda Jefa).<\/p>\n\n\n\n<p><\/p>\n\n\n\n<p>Las personas mencionadas tuvieron a cargo la capacitaci\u00f3n del personal de salud perteneciente a diferentes \u00e1reas del Hospital Municipal.<\/p>\n\n\n\n<p><\/p>\n\n\n\n<p>En este sentido formaron parte de la jornada la <strong>Direcci\u00f3n de Emergencias <\/strong>a cargo de la Dra. Jorgelina Montenegro,<strong> Direcci\u00f3n de cuidados progresivos <\/strong>a cargo de la Dra. F\u00e1tima Gorosito, <strong>Direcci\u00f3n de infectolog\u00eda <\/strong>Dra. Weiss Mar\u00eda In\u00e9s, <strong>Direcci\u00f3n de enfermer\u00eda<\/strong> Lic .Gabriela Picart y los <strong>coordinadores de \u00e1reas <\/strong>de Ginecolog\u00eda, Pediatr\u00eda, laboratorio, as\u00ed como tambi\u00e9n <strong>m\u00e9dicos y residentes<\/strong> integrantes de las \u00e1reas mencionadas.\u2003<\/p>\n","protected":false},"excerpt":{"rendered":"<p>Focalizaron en la respuesta de quienes intervienen en estas situaciones: pr\u00e1cticas, gu\u00edas y protocolos. Este jueves en el SUM del<\/p>\n","protected":false},"author":2,"featured_media":123080,"comment_status":"closed","ping_status":"closed","sticky":false,"template":"","format":"standard","meta":{"_jetpack_memberships_contains_paid_content":false,"footnotes":""},"categories":[3,1],"tags":[],"class_list":["post-123079","post","type-post","status-publish","format-standard","has-post-thumbnail","hentry","category-genero","category-portada"],"jetpack_featured_media_url":"https:\/\/i0.wp.com\/cdnoticias.com\/wp-content\/uploads\/2024\/08\/67132e36-22c5-4f00-b82c-a0c9778cf786.jpeg?fit=1503%2C1055&ssl=1","jetpack_sharing_enabled":true,"_links":{"self":[{"href":"https:\/\/cdnoticias.com\/index.php\/wp-json\/wp\/v2\/posts\/123079","targetHints":{"allow":["GET"]}}],"collection":[{"href":"https:\/\/cdnoticias.com\/index.php\/wp-json\/wp\/v2\/posts"}],"about":[{"href":"https:\/\/cdnoticias.com\/index.php\/wp-json\/wp\/v2\/types\/post"}],"author":[{"embeddable":true,"href":"https:\/\/cdnoticias.com\/index.php\/wp-json\/wp\/v2\/users\/2"}],"replies":[{"embeddable":true,"href":"https:\/\/cdnoticias.com\/index.php\/wp-json\/wp\/v2\/comments?post=123079"}],"version-history":[{"count":0,"href":"https:\/\/cdnoticias.com\/index.php\/wp-json\/wp\/v2\/posts\/123079\/revisions"}],"wp:featuredmedia":[{"embeddable":true,"href":"https:\/\/cdnoticias.com\/index.php\/wp-json\/wp\/v2\/media\/123080"}],"wp:attachment":[{"href":"https:\/\/cdnoticias.com\/index.php\/wp-json\/wp\/v2\/media?parent=123079"}],"wp:term":[{"taxonomy":"category","embeddable":true,"href":"https:\/\/cdnoticias.com\/index.php\/wp-json\/wp\/v2\/categories?post=123079"},{"taxonomy":"post_tag","embeddable":true,"href":"https:\/\/cdnoticias.com\/index.php\/wp-json\/wp\/v2\/tags?post=123079"}],"curies":[{"name":"wp","href":"https:\/\/api.w.org\/{rel}","templated":true}]}}