{"id":123077,"date":"2024-08-16T14:33:55","date_gmt":"2024-08-16T17:33:55","guid":{"rendered":"https:\/\/cdnoticias.com\/?p=123077"},"modified":"2024-08-16T17:40:13","modified_gmt":"2024-08-16T20:40:13","slug":"se-abre-el-camino-para-que-endere-integre-el-consejo-de-la-magistratura-bonaerense","status":"publish","type":"post","link":"https:\/\/cdnoticias.com\/index.php\/2024\/08\/16\/se-abre-el-camino-para-que-endere-integre-el-consejo-de-la-magistratura-bonaerense\/","title":{"rendered":"Se abre el camino para que Endere integre el Consejo de la Magistratura bonaerense"},"content":{"rendered":"<p>El bullrichista Mart\u00edn Compagnoni present\u00f3 su renuncia y fue aceptada por la Legislatura. M\u00e1s cambios, en las comisiones y, posiblemente, en el Banco Provincia tras la ruptura del PRO.<!--more--><\/p>\n<hr \/>\n<p><strong>Qued\u00f3 allanado el camino para que el diputado provincial Mart\u00edn Endere pase a integrar el Consejo de la Magistratura bonaerense<\/strong>, una movida con la que se especulaba <a href=\"https:\/\/cdnoticias.com\/index.php\/2024\/07\/11\/martin-endere-al-consejo-de-la-magistratura\/\" target=\"_blank\" rel=\"noopener\">desde hace un mes aproximadamente<\/a>, cuando se formaliz\u00f3 la <strong>ruptura dentro del PRO entre Mauricio Macri y Patricia Bullrich<\/strong>.<\/p>\n<p>El diputado<strong> Fernando Compagnoni<\/strong>, alineado con la ministra de Seguridad, fue desplazado del Consejo de la Magistratura. <strong>Present\u00f3 la renuncia, que fue aceptada por la Legislatura<\/strong>. Se adelant\u00f3 que en su lugar <strong>asumir\u00eda el olavarriense, alineado con la conducci\u00f3n de Mauricio Macri<\/strong>.<\/p>\n<p><strong>La salida de Compagnoni estaba en danza desde que los bloques en la Legislatura se quebraron<\/strong> \u2013lo que no ocurri\u00f3 en el Congreso Nacional- al comp\u00e1s de la pelea Macri-Bullirch: los seguidores de la exministra abrieron bancadas en ambas c\u00e1maras que se llaman \u201cPRO Libertad\u201d, en l\u00ednea con el perfil libertario de bullrich.<\/p>\n<p><iframe loading=\"lazy\" title=\"YouTube video player\" src=\"https:\/\/www.youtube.com\/embed\/Kdlo6vLz-3k?si=RpoEhlYe-9aQJ3TX\" width=\"560\" height=\"315\" frameborder=\"0\" allowfullscreen=\"allowfullscreen\"><\/iframe><\/p>\n<p>El recambio en la representaci\u00f3n se basa en el<strong> art\u00edculo 49 del Reglamento Interno<\/strong>, que indican que cuando uno o m\u00e1s diputados dejan un bloque, el presidente de esa bancada \u201cratifica o rectifica\u201d a la Presidencia del Cuerpo quienes representan a ese bloque en comisiones, Consejo y, en general en cualquier organismo.<\/p>\n<blockquote><p>En ese marco, el santillista Agust\u00edn Forchieri propone a Mart\u00edn Endere para reemplazar a Compagnoni, que no fue ratificado: la renuncia al Consejo se formalizar\u00e1 el 15 de septiembre. Para la nueva designaci\u00f3n tambi\u00e9n se requiere el voto de los legisladores.<\/p><\/blockquote>\n<p>En ese sentido, <strong>todos los bloques opositores comparten el criterio y aceptan como \u201cv\u00e1lido\u201d el reclamo del PRO<\/strong> porque representa a la segunda minor\u00eda dentro del recinto. De acuerdo a la repartici\u00f3n de miembros, el flamante bloque naci\u00f3 despu\u00e9s de irse del PRO cuenta con 5 diputados; es decir, es la s\u00e9ptima minor\u00eda despu\u00e9s del peronismo, el PRO original, la UCR, Uni\u00f3n Renovaci\u00f3n y Fe, Acuerdo C\u00edvico UCR + GEN.<\/p>\n<p>Adem\u00e1s de la salida de Compagnoni, <strong>en un futuro habr\u00e1 alteraciones en la integraci\u00f3n de algunas comisiones<\/strong>. Por esa raz\u00f3n, el diputado Fabi\u00e1n Perechodnik integrar\u00eda la Comisi\u00f3n Bicameral de Enjuiciamiento y Rita Salaberry pasar\u00eda a ser vicepresidenta de la Comisi\u00f3n de Juventud, en lugar de Oriana Colugnatti.<\/p>\n<p>Mientras que Julieta Quintero Chasman se sumar\u00eda a la Comisi\u00f3n de Tierras y Organizaci\u00f3n Territorial en representaci\u00f3n del PRO. En esa comisi\u00f3n permanente, el bloque PRO se qued\u00f3 sin representantes porque, hasta hace semanas, la integraban Colugnatti y Compagnoni, ahora flamantes legisladores del bloque PRO Libertad.<\/p>\n<p>Por otra parte, desde el oficialismo de PRO se mantiene el pedido para que el senador Santiago Nardelli deje, por los mismos motivos, su cargo en el <strong>directorio del Banco Provincia<\/strong>.<\/p>\n<p>Fuente:<em> con informaci\u00f3n de Agencia DIB<\/em><\/p>\n","protected":false},"excerpt":{"rendered":"<p>El bullrichista Mart\u00edn Compagnoni present\u00f3 su renuncia y fue aceptada por la Legislatura. M\u00e1s cambios, en las comisiones y, posiblemente,<\/p>\n","protected":false},"author":4,"featured_media":122917,"comment_status":"closed","ping_status":"closed","sticky":false,"template":"","format":"standard","meta":{"_jetpack_memberships_contains_paid_content":false,"footnotes":""},"categories":[4,1],"tags":[],"class_list":["post-123077","post","type-post","status-publish","format-standard","has-post-thumbnail","hentry","category-politica","category-portada"],"jetpack_featured_media_url":"https:\/\/i0.wp.com\/cdnoticias.com\/wp-content\/uploads\/2024\/08\/olavarria-produce-acto-04-martin-endere.jpg?fit=1000%2C557&ssl=1","jetpack_sharing_enabled":true,"_links":{"self":[{"href":"https:\/\/cdnoticias.com\/index.php\/wp-json\/wp\/v2\/posts\/123077","targetHints":{"allow":["GET"]}}],"collection":[{"href":"https:\/\/cdnoticias.com\/index.php\/wp-json\/wp\/v2\/posts"}],"about":[{"href":"https:\/\/cdnoticias.com\/index.php\/wp-json\/wp\/v2\/types\/post"}],"author":[{"embeddable":true,"href":"https:\/\/cdnoticias.com\/index.php\/wp-json\/wp\/v2\/users\/4"}],"replies":[{"embeddable":true,"href":"https:\/\/cdnoticias.com\/index.php\/wp-json\/wp\/v2\/comments?post=123077"}],"version-history":[{"count":0,"href":"https:\/\/cdnoticias.com\/index.php\/wp-json\/wp\/v2\/posts\/123077\/revisions"}],"wp:featuredmedia":[{"embeddable":true,"href":"https:\/\/cdnoticias.com\/index.php\/wp-json\/wp\/v2\/media\/122917"}],"wp:attachment":[{"href":"https:\/\/cdnoticias.com\/index.php\/wp-json\/wp\/v2\/media?parent=123077"}],"wp:term":[{"taxonomy":"category","embeddable":true,"href":"https:\/\/cdnoticias.com\/index.php\/wp-json\/wp\/v2\/categories?post=123077"},{"taxonomy":"post_tag","embeddable":true,"href":"https:\/\/cdnoticias.com\/index.php\/wp-json\/wp\/v2\/tags?post=123077"}],"curies":[{"name":"wp","href":"https:\/\/api.w.org\/{rel}","templated":true}]}}