{"id":123064,"date":"2024-08-16T09:40:07","date_gmt":"2024-08-16T12:40:07","guid":{"rendered":"https:\/\/cdnoticias.com\/?p=123064"},"modified":"2024-08-16T09:40:09","modified_gmt":"2024-08-16T12:40:09","slug":"este-jueves-fiestas-patronales-de-hinojo","status":"publish","type":"post","link":"https:\/\/cdnoticias.com\/index.php\/2024\/08\/16\/este-jueves-fiestas-patronales-de-hinojo\/","title":{"rendered":"Este jueves, Fiestas Patronales de Hinojo"},"content":{"rendered":"<p>En la parroquia Nuestra Se\u00f1ora de la Asunci\u00f3n la conmemoraci\u00f3n fue con una procesi\u00f3n, misa y feria del plato.<!--more--><\/p>\n<hr \/>\n<p>Este jueves se celebraron las <strong>Fiestas Patronales de Hinojo<\/strong> en la parroquia <strong>Nuestra Se\u00f1ora de la Asunci\u00f3n.<\/strong><\/p>\n<p>A las 17 se hizo una <strong>procesi\u00f3n alrededor de la plaza portando la imagen de la Virgen Mar\u00eda<\/strong>. Colaboraron los bomberos voluntarios y los scout.<\/p>\n<p><img data-recalc-dims=\"1\" loading=\"lazy\" decoding=\"async\" class=\"size-full wp-image-123067 aligncenter\" src=\"https:\/\/i0.wp.com\/cdnoticias.com\/wp-content\/uploads\/2024\/08\/fiestas-patronales-de-hinojo-01.jpg?resize=600%2C338&#038;ssl=1\" alt=\"\" width=\"600\" height=\"338\" srcset=\"https:\/\/i0.wp.com\/cdnoticias.com\/wp-content\/uploads\/2024\/08\/fiestas-patronales-de-hinojo-01.jpg?w=600&amp;ssl=1 600w, https:\/\/i0.wp.com\/cdnoticias.com\/wp-content\/uploads\/2024\/08\/fiestas-patronales-de-hinojo-01.jpg?resize=300%2C169&amp;ssl=1 300w\" sizes=\"auto, (max-width: 600px) 100vw, 600px\" \/><\/p>\n<p>Luego, a cargo del <strong>sacerdote Jos\u00e9 Mar\u00eda Quatrocchio, se celebr\u00f3 la Santa Misa.<\/strong><\/p>\n<p>Posteriormente, hubo una <strong>feria del plato<\/strong>. Adem\u00e1s se sirvi\u00f3 chocolate y torta para todos aquellos que quisieron acercarse al sal\u00f3n parroquial.<\/p>\n<p><img data-recalc-dims=\"1\" loading=\"lazy\" decoding=\"async\" class=\"size-full wp-image-123066 aligncenter\" src=\"https:\/\/i0.wp.com\/cdnoticias.com\/wp-content\/uploads\/2024\/08\/fiestas-patronales-de-hinojo-02.jpg?resize=800%2C444&#038;ssl=1\" alt=\"\" width=\"800\" height=\"444\" srcset=\"https:\/\/i0.wp.com\/cdnoticias.com\/wp-content\/uploads\/2024\/08\/fiestas-patronales-de-hinojo-02.jpg?w=900&amp;ssl=1 900w, https:\/\/i0.wp.com\/cdnoticias.com\/wp-content\/uploads\/2024\/08\/fiestas-patronales-de-hinojo-02.jpg?resize=300%2C167&amp;ssl=1 300w, https:\/\/i0.wp.com\/cdnoticias.com\/wp-content\/uploads\/2024\/08\/fiestas-patronales-de-hinojo-02.jpg?resize=768%2C427&amp;ssl=1 768w, https:\/\/i0.wp.com\/cdnoticias.com\/wp-content\/uploads\/2024\/08\/fiestas-patronales-de-hinojo-02.jpg?resize=800%2C445&amp;ssl=1 800w\" sizes=\"auto, (max-width: 800px) 100vw, 800px\" \/><\/p>\n","protected":false},"excerpt":{"rendered":"<p>En la parroquia Nuestra Se\u00f1ora de la Asunci\u00f3n la conmemoraci\u00f3n fue con una procesi\u00f3n, misa y feria del plato.<\/p>\n","protected":false},"author":4,"featured_media":123065,"comment_status":"closed","ping_status":"closed","sticky":false,"template":"","format":"standard","meta":{"_jetpack_memberships_contains_paid_content":false,"footnotes":""},"categories":[5,1],"tags":[],"class_list":["post-123064","post","type-post","status-publish","format-standard","has-post-thumbnail","hentry","category-informacion-general","category-portada"],"jetpack_featured_media_url":"https:\/\/i0.wp.com\/cdnoticias.com\/wp-content\/uploads\/2024\/08\/fiestas-patronales-de-hinojo-00.jpg?fit=600%2C338&ssl=1","jetpack_sharing_enabled":true,"_links":{"self":[{"href":"https:\/\/cdnoticias.com\/index.php\/wp-json\/wp\/v2\/posts\/123064","targetHints":{"allow":["GET"]}}],"collection":[{"href":"https:\/\/cdnoticias.com\/index.php\/wp-json\/wp\/v2\/posts"}],"about":[{"href":"https:\/\/cdnoticias.com\/index.php\/wp-json\/wp\/v2\/types\/post"}],"author":[{"embeddable":true,"href":"https:\/\/cdnoticias.com\/index.php\/wp-json\/wp\/v2\/users\/4"}],"replies":[{"embeddable":true,"href":"https:\/\/cdnoticias.com\/index.php\/wp-json\/wp\/v2\/comments?post=123064"}],"version-history":[{"count":0,"href":"https:\/\/cdnoticias.com\/index.php\/wp-json\/wp\/v2\/posts\/123064\/revisions"}],"wp:featuredmedia":[{"embeddable":true,"href":"https:\/\/cdnoticias.com\/index.php\/wp-json\/wp\/v2\/media\/123065"}],"wp:attachment":[{"href":"https:\/\/cdnoticias.com\/index.php\/wp-json\/wp\/v2\/media?parent=123064"}],"wp:term":[{"taxonomy":"category","embeddable":true,"href":"https:\/\/cdnoticias.com\/index.php\/wp-json\/wp\/v2\/categories?post=123064"},{"taxonomy":"post_tag","embeddable":true,"href":"https:\/\/cdnoticias.com\/index.php\/wp-json\/wp\/v2\/tags?post=123064"}],"curies":[{"name":"wp","href":"https:\/\/api.w.org\/{rel}","templated":true}]}}