{"id":12305,"date":"2021-01-26T16:20:31","date_gmt":"2021-01-26T19:20:31","guid":{"rendered":"http:\/\/www.centraldenoticias.com.ar\/?p=12305"},"modified":"2021-01-26T18:19:48","modified_gmt":"2021-01-26T21:19:48","slug":"continua-la-realizacion-de-operativos-de-concientizacion-en-la-ciudad","status":"publish","type":"post","link":"https:\/\/cdnoticias.com\/index.php\/2021\/01\/26\/continua-la-realizacion-de-operativos-de-concientizacion-en-la-ciudad\/","title":{"rendered":"Contin\u00faa la realizaci\u00f3n de \u201coperativos de concientizaci\u00f3n\u201d en la ciudad"},"content":{"rendered":"<p>Se trata de procedimientos viales en los que adem\u00e1s se entrega folleter\u00eda y se dan recomendaciones en cuanto a seguridad vial.<!--more--><\/p>\n<hr \/>\n<p>Con el inicio de la presente semana se pusieron en marcha los llamados \u201coperativos de concientizaci\u00f3n\u201d, a los cuales podr\u00eda definirse como tareas\u00a0 de <strong>doble car\u00e1cter preventivo, ya que no s\u00f3lo tienen como objetivo la detecci\u00f3n de posibles faltas a la Ley de Tr\u00e1nsito o faltas en general, sino que ahora se le sum\u00f3 folleter\u00eda y consejos en materia de seguridad vial.<\/strong><\/p>\n<p>&nbsp;<\/p>\n<p>El incremento de siniestros viales registrados en los \u00faltimos d\u00edas fue lo que encendi\u00f3 las alarmas. Vale recordar que algunos de esos <strong>accidentes tuvieron consecuencias fatales, tal como sucedi\u00f3 a fines de la semana pasada, mientras que otros han dejado como saldo a personas con graves heridas<\/strong>. Esto \u00faltimo no es menor en tiempos de pandemia, en los que la utilizaci\u00f3n de recursos m\u00e9dicos es tutelada m\u00e1s que de costumbre.<\/p>\n<p>&nbsp;<\/p>\n<p><img data-recalc-dims=\"1\" loading=\"lazy\" decoding=\"async\" class=\"alignnone size-full wp-image-12306\" src=\"https:\/\/i0.wp.com\/cdnoticias.com\/wp-content\/uploads\/2021\/01\/operativos02-1.jpg?resize=800%2C462&#038;ssl=1\" alt=\"\" width=\"800\" height=\"462\" srcset=\"https:\/\/i0.wp.com\/cdnoticias.com\/wp-content\/uploads\/2021\/01\/operativos02-1.jpg?w=850&amp;ssl=1 850w, https:\/\/i0.wp.com\/cdnoticias.com\/wp-content\/uploads\/2021\/01\/operativos02-1.jpg?resize=300%2C173&amp;ssl=1 300w, https:\/\/i0.wp.com\/cdnoticias.com\/wp-content\/uploads\/2021\/01\/operativos02-1.jpg?resize=768%2C444&amp;ssl=1 768w\" sizes=\"auto, (max-width: 800px) 100vw, 800px\" \/><\/p>\n<p>&nbsp;<\/p>\n<p>Si bien afortunadamente el porcentaje de ocupaci\u00f3n de camas en la Unidad de Terapia Intensiva ha mermado en los \u00faltimos d\u00edas, desde el Ejecutivo local el deseo es que no suceda lo que se registr\u00f3 la semana pasada, cuando la cifra subi\u00f3 al 80% principalmente por el registro de siniestros viales. <strong>\u201cLos accidentes registrados han tenido la caracter\u00edstica que son pacientes que tienen la tendencia a estar en asistencia respiratoria mec\u00e1nica, es decir necesitan estar con un respirador y entubados, y muchas veces requieren muchos d\u00edas de internaci\u00f3n\u201d, explic\u00f3 al respecto d\u00edas atr\u00e1s a <em>Central de Noticias<\/em> el secretario de Salud Germ\u00e1n Caputo.<\/strong><\/p>\n<p>&nbsp;<\/p>\n<p>En ello se explican los operativos que la subsecretar\u00eda de Seguridad puso en marcha a trav\u00e9s de la direcci\u00f3n de Control Urbano, en tareas adicionales realizadas por personal de la polic\u00eda Bonaerense, y con el apoyo de dependencias de seguridad locales. Sobre el cierre de la tarde del lunes se los pudo ver, por ejemplo, en avenida <strong>Avellaneda y Dean Funes, o en Lavalle entre Sarmiento y Estrada.<\/strong><\/p>\n<p>&nbsp;<\/p>\n<p><img data-recalc-dims=\"1\" loading=\"lazy\" decoding=\"async\" class=\"alignnone size-full wp-image-12308\" src=\"https:\/\/i0.wp.com\/cdnoticias.com\/wp-content\/uploads\/2021\/01\/operativos-2.jpg?resize=800%2C453&#038;ssl=1\" alt=\"\" width=\"800\" height=\"453\" srcset=\"https:\/\/i0.wp.com\/cdnoticias.com\/wp-content\/uploads\/2021\/01\/operativos-2.jpg?w=859&amp;ssl=1 859w, https:\/\/i0.wp.com\/cdnoticias.com\/wp-content\/uploads\/2021\/01\/operativos-2.jpg?resize=300%2C170&amp;ssl=1 300w, https:\/\/i0.wp.com\/cdnoticias.com\/wp-content\/uploads\/2021\/01\/operativos-2.jpg?resize=768%2C435&amp;ssl=1 768w\" sizes=\"auto, (max-width: 800px) 100vw, 800px\" \/><\/p>\n<p>&nbsp;<\/p>\n<p>Se trata de procedimientos est\u00e1ticos, pero con la particularidad de variar el horario y lugar de realizaci\u00f3n. A la labor de rutina, es decir <strong>a la identificaci\u00f3n del rodado y sus ocupantes, ahora se les entrega folleter\u00eda de seguridad vial confeccionada desde el Municipio, con la colaboraci\u00f3n de la agrupaci\u00f3n local Estrellas Amarillas. <\/strong><\/p>\n<p>&nbsp;<\/p>\n<p>En la jornada de este martes se hicieron tareas de estas caracter\u00edsticas en los cruces de <strong>Lavalle y avenida Del Valle, avenida De los Trabajadores y Ruta 60 y, por \u00faltimo, en avenida Pringles entre Grimaldi y Merlo.<\/strong><\/p>\n","protected":false},"excerpt":{"rendered":"<p>Se trata de procedimientos viales en los que adem\u00e1s se entrega folleter\u00eda y se dan recomendaciones en cuanto a seguridad<\/p>\n","protected":false},"author":3,"featured_media":12307,"comment_status":"closed","ping_status":"closed","sticky":false,"template":"","format":"standard","meta":{"_jetpack_memberships_contains_paid_content":false,"footnotes":""},"categories":[14,1],"tags":[],"class_list":["post-12305","post","type-post","status-publish","format-standard","has-post-thumbnail","hentry","category-policiales","category-portada"],"jetpack_featured_media_url":"https:\/\/i0.wp.com\/cdnoticias.com\/wp-content\/uploads\/2021\/01\/operativos01.jpg?fit=863%2C488&ssl=1","jetpack_sharing_enabled":true,"_links":{"self":[{"href":"https:\/\/cdnoticias.com\/index.php\/wp-json\/wp\/v2\/posts\/12305","targetHints":{"allow":["GET"]}}],"collection":[{"href":"https:\/\/cdnoticias.com\/index.php\/wp-json\/wp\/v2\/posts"}],"about":[{"href":"https:\/\/cdnoticias.com\/index.php\/wp-json\/wp\/v2\/types\/post"}],"author":[{"embeddable":true,"href":"https:\/\/cdnoticias.com\/index.php\/wp-json\/wp\/v2\/users\/3"}],"replies":[{"embeddable":true,"href":"https:\/\/cdnoticias.com\/index.php\/wp-json\/wp\/v2\/comments?post=12305"}],"version-history":[{"count":0,"href":"https:\/\/cdnoticias.com\/index.php\/wp-json\/wp\/v2\/posts\/12305\/revisions"}],"wp:featuredmedia":[{"embeddable":true,"href":"https:\/\/cdnoticias.com\/index.php\/wp-json\/wp\/v2\/media\/12307"}],"wp:attachment":[{"href":"https:\/\/cdnoticias.com\/index.php\/wp-json\/wp\/v2\/media?parent=12305"}],"wp:term":[{"taxonomy":"category","embeddable":true,"href":"https:\/\/cdnoticias.com\/index.php\/wp-json\/wp\/v2\/categories?post=12305"},{"taxonomy":"post_tag","embeddable":true,"href":"https:\/\/cdnoticias.com\/index.php\/wp-json\/wp\/v2\/tags?post=12305"}],"curies":[{"name":"wp","href":"https:\/\/api.w.org\/{rel}","templated":true}]}}