{"id":123045,"date":"2024-08-15T20:28:51","date_gmt":"2024-08-15T23:28:51","guid":{"rendered":"https:\/\/cdnoticias.com\/?p=123045"},"modified":"2024-08-15T20:28:53","modified_gmt":"2024-08-15T23:28:53","slug":"como-estara-el-tiempo-en-olavarria-el-viernes-16-de-agosto","status":"publish","type":"post","link":"https:\/\/cdnoticias.com\/index.php\/2024\/08\/15\/como-estara-el-tiempo-en-olavarria-el-viernes-16-de-agosto\/","title":{"rendered":"C\u00f3mo estar\u00e1 el tiempo en Olavarr\u00eda el viernes 16 de agosto"},"content":{"rendered":"\n<p>Se presentar\u00e1 un d\u00eda mayormente nublado, con temperaturas fr\u00edas y estables. A continuaci\u00f3n, te presentamos el detalle del pron\u00f3stico para que puedas planificar tu jornada.<\/p>\n\n\n\n<hr class=\"wp-block-separator aligncenter has-alpha-channel-opacity\"\/>\n\n\n\n<p>Durante la<strong> madrugada, el cielo estar\u00e1 mayormente nublado con una temperatura de alrededor de 6\u00b0C.<\/strong> El viento ser\u00e1 leve, soplando desde el sudeste a una velocidad de entre 7 y 12 km\/h, proporcionando un comienzo de d\u00eda fresco.<\/p>\n\n\n\n<p>En la ma\u00f1ana<strong>, las condiciones de nubes continuar\u00e1n predominando, y la temperatura descender\u00e1 hasta alcanzar los 3\u00b0C. <\/strong>El viento aumentar\u00e1 ligeramente su intensidad, manteni\u00e9ndose del sudeste a una velocidad de entre 13 y 22 km\/h.<strong> Se recomienda abrigarse adecuadamente al salir de casa.<\/strong><\/p>\n\n\n\n<p><strong>Por la tarde, el clima mayormente nublado persistir\u00e1, y la temperatura alcanzar\u00e1 una m\u00e1xima de 12\u00b0C.<\/strong> El viento cambiar\u00e1 de direcci\u00f3n hacia el este, manteni\u00e9ndose entre 13 y 22 km\/h. La estabilidad atmosf\u00e9rica ofrece un escenario sin lluvias, <strong>pero las condiciones fr\u00edas se mantendr\u00e1n.<\/strong><\/p>\n\n\n\n<p>Durante la noche,<strong> el cielo estar\u00e1 nublado con una temperatura que descender\u00e1 a 8\u00b0C. El viento seguir\u00e1 soplando desde el este, con una velocidad de 13 a 22 km\/h, haciendo que la noche se mantenga fresca.<\/strong><\/p>\n\n\n\n<p>Con un d\u00eda mayormente nublado y temperaturas bajas,<strong> se recomienda tomar precauciones para mantenerse abrigado. La estabilidad del tiempo sin lluvias permitir\u00e1 realizar actividades al aire libre, pero es importante estar preparado para el fr\u00edo.<\/strong><\/p>\n","protected":false},"excerpt":{"rendered":"<p>Se presentar\u00e1 un d\u00eda mayormente nublado, con temperaturas fr\u00edas y estables. A continuaci\u00f3n, te presentamos el detalle del pron\u00f3stico para<\/p>\n","protected":false},"author":2,"featured_media":120128,"comment_status":"closed","ping_status":"closed","sticky":false,"template":"","format":"standard","meta":{"_jetpack_memberships_contains_paid_content":false,"footnotes":""},"categories":[5],"tags":[],"class_list":["post-123045","post","type-post","status-publish","format-standard","has-post-thumbnail","hentry","category-informacion-general"],"jetpack_featured_media_url":"https:\/\/i0.wp.com\/cdnoticias.com\/wp-content\/uploads\/2024\/07\/clima-frio-invierno1.jpg?fit=992%2C552&ssl=1","jetpack_sharing_enabled":true,"_links":{"self":[{"href":"https:\/\/cdnoticias.com\/index.php\/wp-json\/wp\/v2\/posts\/123045","targetHints":{"allow":["GET"]}}],"collection":[{"href":"https:\/\/cdnoticias.com\/index.php\/wp-json\/wp\/v2\/posts"}],"about":[{"href":"https:\/\/cdnoticias.com\/index.php\/wp-json\/wp\/v2\/types\/post"}],"author":[{"embeddable":true,"href":"https:\/\/cdnoticias.com\/index.php\/wp-json\/wp\/v2\/users\/2"}],"replies":[{"embeddable":true,"href":"https:\/\/cdnoticias.com\/index.php\/wp-json\/wp\/v2\/comments?post=123045"}],"version-history":[{"count":0,"href":"https:\/\/cdnoticias.com\/index.php\/wp-json\/wp\/v2\/posts\/123045\/revisions"}],"wp:featuredmedia":[{"embeddable":true,"href":"https:\/\/cdnoticias.com\/index.php\/wp-json\/wp\/v2\/media\/120128"}],"wp:attachment":[{"href":"https:\/\/cdnoticias.com\/index.php\/wp-json\/wp\/v2\/media?parent=123045"}],"wp:term":[{"taxonomy":"category","embeddable":true,"href":"https:\/\/cdnoticias.com\/index.php\/wp-json\/wp\/v2\/categories?post=123045"},{"taxonomy":"post_tag","embeddable":true,"href":"https:\/\/cdnoticias.com\/index.php\/wp-json\/wp\/v2\/tags?post=123045"}],"curies":[{"name":"wp","href":"https:\/\/api.w.org\/{rel}","templated":true}]}}