{"id":123022,"date":"2024-08-15T20:19:06","date_gmt":"2024-08-15T23:19:06","guid":{"rendered":"https:\/\/cdnoticias.com\/?p=123022"},"modified":"2024-08-15T20:19:08","modified_gmt":"2024-08-15T23:19:08","slug":"acto-por-el-174o-aniversario-del-fallecimiento-de-san-martin","status":"publish","type":"post","link":"https:\/\/cdnoticias.com\/index.php\/2024\/08\/15\/acto-por-el-174o-aniversario-del-fallecimiento-de-san-martin\/","title":{"rendered":"Acto por el 174\u00ba aniversario del fallecimiento de San Mart\u00edn"},"content":{"rendered":"\n<p>La ceremonia se llevar\u00e1 cabo el s\u00e1bado 17 de agosto en el Parque del Bicentenario \u201cSenador Oscar Lara\u201d, al pie del monumento que rinde homenaje al Padre de la Patria.<\/p>\n\n\n\n<hr class=\"wp-block-separator aligncenter has-alpha-channel-opacity\"\/>\n\n\n\n<p>El Municipio de Olavarr\u00eda invita a toda la comunidad a participar del <strong>Acto Oficial por el 174\u00ba Aniversario del Paso a la Inmortalidad del General Don Jos\u00e9 de San Mart\u00edn.<\/strong><\/p>\n\n\n\n<p><\/p>\n\n\n\n<p>La ceremonia se llevar\u00e1 cabo el <strong>s\u00e1bado 17 de agosto en el Parque del Bicentenario \u201cSenador Oscar Lara\u201d,<\/strong> al pie del monumento que rinde homenaje al Padre de la Patria.<\/p>\n\n\n\n<p><\/p>\n\n\n\n<blockquote class=\"wp-block-quote is-layout-flow wp-block-quote-is-layout-flow\">\n<p>El acto comenzar\u00e1 a las 14:45 horas y contar\u00e1 con la presencia de funcionarios municipales, autoridades educativas y representantes de distintas instituciones de la comunidad.<\/p>\n<\/blockquote>\n\n\n\n<p><\/p>\n\n\n\n<p>Tras la presentaci\u00f3n de autoridades y la entonaci\u00f3n del Himno Nacional Argentino, habr\u00e1 palabras alusivas. Luego se proceder\u00e1 a la colocaci\u00f3n de palmas por parte de la Municipalidad, Regimiento de Caballer\u00eda, Asociaci\u00f3n Cultural Sanmartiniana y Honorable Concejo Deliberante.<\/p>\n\n\n\n<p><\/p>\n\n\n\n<p>El acto finalizar\u00e1 con el toque de silencio y la colocaci\u00f3n de bandera a media asta.<\/p>\n","protected":false},"excerpt":{"rendered":"<p>La ceremonia se llevar\u00e1 cabo el s\u00e1bado 17 de agosto en el Parque del Bicentenario \u201cSenador Oscar Lara\u201d, al pie<\/p>\n","protected":false},"author":6,"featured_media":109393,"comment_status":"closed","ping_status":"closed","sticky":false,"template":"","format":"standard","meta":{"_jetpack_memberships_contains_paid_content":false,"footnotes":""},"categories":[5,1],"tags":[],"class_list":["post-123022","post","type-post","status-publish","format-standard","has-post-thumbnail","hentry","category-informacion-general","category-portada"],"jetpack_featured_media_url":"https:\/\/i0.wp.com\/cdnoticias.com\/wp-content\/uploads\/2024\/02\/san-martin-monumento-jpg.png?fit=987%2C550&ssl=1","jetpack_sharing_enabled":true,"_links":{"self":[{"href":"https:\/\/cdnoticias.com\/index.php\/wp-json\/wp\/v2\/posts\/123022","targetHints":{"allow":["GET"]}}],"collection":[{"href":"https:\/\/cdnoticias.com\/index.php\/wp-json\/wp\/v2\/posts"}],"about":[{"href":"https:\/\/cdnoticias.com\/index.php\/wp-json\/wp\/v2\/types\/post"}],"author":[{"embeddable":true,"href":"https:\/\/cdnoticias.com\/index.php\/wp-json\/wp\/v2\/users\/6"}],"replies":[{"embeddable":true,"href":"https:\/\/cdnoticias.com\/index.php\/wp-json\/wp\/v2\/comments?post=123022"}],"version-history":[{"count":0,"href":"https:\/\/cdnoticias.com\/index.php\/wp-json\/wp\/v2\/posts\/123022\/revisions"}],"wp:featuredmedia":[{"embeddable":true,"href":"https:\/\/cdnoticias.com\/index.php\/wp-json\/wp\/v2\/media\/109393"}],"wp:attachment":[{"href":"https:\/\/cdnoticias.com\/index.php\/wp-json\/wp\/v2\/media?parent=123022"}],"wp:term":[{"taxonomy":"category","embeddable":true,"href":"https:\/\/cdnoticias.com\/index.php\/wp-json\/wp\/v2\/categories?post=123022"},{"taxonomy":"post_tag","embeddable":true,"href":"https:\/\/cdnoticias.com\/index.php\/wp-json\/wp\/v2\/tags?post=123022"}],"curies":[{"name":"wp","href":"https:\/\/api.w.org\/{rel}","templated":true}]}}