{"id":12301,"date":"2021-01-26T15:36:59","date_gmt":"2021-01-26T18:36:59","guid":{"rendered":"http:\/\/www.centraldenoticias.com.ar\/?p=12301"},"modified":"2021-01-26T15:40:22","modified_gmt":"2021-01-26T18:40:22","slug":"corte-de-luz-de-tres-horas-en-un-sector-del-barrio-mariano-moreno","status":"publish","type":"post","link":"https:\/\/cdnoticias.com\/index.php\/2021\/01\/26\/corte-de-luz-de-tres-horas-en-un-sector-del-barrio-mariano-moreno\/","title":{"rendered":"Corte de luz de tres horas afectar\u00e1 un sector del barrio Mariano Moreno"},"content":{"rendered":"<p>Ser\u00e1 durante gran parte de la ma\u00f1ana de este mi\u00e9rcoles, por tareas de mantenimiento desde Coopelectric.<!--more--><\/p>\n<hr \/>\n<p>Por un lapso de tres horas se ver\u00e1 interrumpido en la ma\u00f1ana de este mi\u00e9rcoles el suministro el\u00e9ctrico en una parte del extremo norte del barrio Mariano Moreno, debido a la <strong>puesta en marcha de tareas de mantenimiento desde Coopelectric.<\/strong><\/p>\n<p>&nbsp;<\/p>\n<p>De acuerdo con lo que se detall\u00f3 desde la empresa prestadora del servicio, el corte ser\u00e1 <strong>desde las 7 hasta las 10, y abarcar\u00e1 el sector comprendido por las calles Lamadrid, Rivadavia, Rufino Fal y avenida De los Trabajadores.<\/strong><\/p>\n<p>&nbsp;<\/p>\n<p>&nbsp;<\/p>\n","protected":false},"excerpt":{"rendered":"<p>Ser\u00e1 durante gran parte de la ma\u00f1ana de este mi\u00e9rcoles, por tareas de mantenimiento desde Coopelectric.<\/p>\n","protected":false},"author":3,"featured_media":6841,"comment_status":"closed","ping_status":"closed","sticky":false,"template":"","format":"standard","meta":{"_jetpack_memberships_contains_paid_content":false,"footnotes":""},"categories":[5,1],"tags":[],"class_list":["post-12301","post","type-post","status-publish","format-standard","has-post-thumbnail","hentry","category-informacion-general","category-portada"],"jetpack_featured_media_url":"https:\/\/i0.wp.com\/cdnoticias.com\/wp-content\/uploads\/2020\/11\/01-Tareas-Alimentador-N%C2%B0-1.jpg?fit=1365%2C768&ssl=1","jetpack_sharing_enabled":true,"_links":{"self":[{"href":"https:\/\/cdnoticias.com\/index.php\/wp-json\/wp\/v2\/posts\/12301","targetHints":{"allow":["GET"]}}],"collection":[{"href":"https:\/\/cdnoticias.com\/index.php\/wp-json\/wp\/v2\/posts"}],"about":[{"href":"https:\/\/cdnoticias.com\/index.php\/wp-json\/wp\/v2\/types\/post"}],"author":[{"embeddable":true,"href":"https:\/\/cdnoticias.com\/index.php\/wp-json\/wp\/v2\/users\/3"}],"replies":[{"embeddable":true,"href":"https:\/\/cdnoticias.com\/index.php\/wp-json\/wp\/v2\/comments?post=12301"}],"version-history":[{"count":0,"href":"https:\/\/cdnoticias.com\/index.php\/wp-json\/wp\/v2\/posts\/12301\/revisions"}],"wp:featuredmedia":[{"embeddable":true,"href":"https:\/\/cdnoticias.com\/index.php\/wp-json\/wp\/v2\/media\/6841"}],"wp:attachment":[{"href":"https:\/\/cdnoticias.com\/index.php\/wp-json\/wp\/v2\/media?parent=12301"}],"wp:term":[{"taxonomy":"category","embeddable":true,"href":"https:\/\/cdnoticias.com\/index.php\/wp-json\/wp\/v2\/categories?post=12301"},{"taxonomy":"post_tag","embeddable":true,"href":"https:\/\/cdnoticias.com\/index.php\/wp-json\/wp\/v2\/tags?post=12301"}],"curies":[{"name":"wp","href":"https:\/\/api.w.org\/{rel}","templated":true}]}}