{"id":1230,"date":"2020-09-10T12:18:20","date_gmt":"2020-09-10T15:18:20","guid":{"rendered":"http:\/\/www.centraldenoticias.com.ar\/?p=1230"},"modified":"2023-10-23T18:38:13","modified_gmt":"2023-10-23T21:38:13","slug":"kicillof-anuncio-aumento-salarial-para-la-policia","status":"publish","type":"post","link":"https:\/\/cdnoticias.com\/index.php\/2020\/09\/10\/kicillof-anuncio-aumento-salarial-para-la-policia\/","title":{"rendered":"Kicillof anunci\u00f3 aumento salarial para la Polic\u00eda"},"content":{"rendered":"<p>Retom\u00f3 la conferencia del Presidente de la Naci\u00f3n de la noche del mi\u00e9rcoles y subray\u00f3 el destino de los fondos de coparticipaci\u00f3n para la suba salarial. Busc\u00f3 adem\u00e1s desactivar las protestas de los efectivos que desde el lunes se desarrollan en casi toda la provincia.<\/p>\n<p><!--more--><\/p>\n<hr \/>\n<p>\u201cAyer hubo un anuncio important\u00edsimo\u201d inici\u00f3 Axel Kicillof la conferencia que se desarroll\u00f3 en la ma\u00f1ana de este jueves en la Gobernaci\u00f3n donde estuvo acompa\u00f1ado por funcionarios e intendentes. Se refiri\u00f3 as\u00ed a las palabras del <a href=\"https:\/\/cdnoticias.com\/index.php\/2020\/09\/09\/alberto-fernandez-no-vale-todo-a-la-hora-de-reclamar\/\">presidente Fern\u00e1ndez<\/a> de aumentar la coparticipaci\u00f3n para la Provincia de Buenos Aires y adelant\u00f3 que esos fondos, unos 35 mil millones de pesos, se destinar\u00e1n parcialmente a la suba salarial de la Polic\u00eda Bonaerense.<\/p>\n<p>El anuncio lleg\u00f3 despu\u00e9s de <a href=\"https:\/\/cdnoticias.com\/index.php\/2020\/09\/09\/tercer-dia-de-marchas-en-la-ciudad-en-apoyo-al-reclamo-de-la-policia-bonaerense\/\">cuatro d\u00edas consecutivos de protestas<\/a> masivas de los efectivos policiales en pr\u00e1cticamente todos los distritos, incluso en Olavarr\u00eda.<\/p>\n<p>El mandatario enfatiz\u00f3 que <strong>\u201cson temas graves y estructurales que acarreamos en mucho tiempo\u201d<\/strong> para plantear el problema de la gesti\u00f3n de la seguridad provincial y a\u00f1adi\u00f3 inmediatamente que \u201chubo un fuerte deterioro en los \u00faltimos cuatro a\u00f1os\u201d. En ese sentido, ahond\u00f3 en cr\u00edticas a la gesti\u00f3n de Vidal: \u201ccuando llegamos encontramos esta Polic\u00eda en situaci\u00f3n de cat\u00e1strofe log\u00edstica, con una flota que no alcanza a cubrir los umbrales m\u00ednimos de patrullaje o respuesta al 911\u201d. Y enfatiz\u00f3 tambi\u00e9n sobre la p\u00e9rdida de poder adquisitivo del personal que <strong>\u201clos salarios de la polic\u00eda tienen que estar a la altura de las circunstancias\u201d<\/strong>.<\/p>\n<p>A modo de resumen, Kicillof sostuvo que \u201chay una cuesti\u00f3n estructural y sobre eso montado un deterioro\u201d. En ese marco, coment\u00f3 sus propuestas de gesti\u00f3n para avanzar en mejoras en los empleados p\u00fablicos, proyectos que -dijo- se vieron truncos ante la declaraci\u00f3n de la pandemia.<\/p>\n<p><strong>Anuncios<\/strong><\/p>\n<p>El gobernador bonaerense anunci\u00f3 que m\u00e1s de <strong>39 mil oficiales de la polic\u00eda bonaerense \u201cpasar\u00e1n a percibir un salario de bolsillo de 44 mil pesos\u201d<\/strong> y dijo que con esta decisi\u00f3n \u201ccomienza una equiparaci\u00f3n del salario con el de la Polic\u00eda Federal Argentina\u201d.<\/p>\n<p>\u201cQuiero anunciar que he tomado la decisi\u00f3n pol\u00edtica de fondo que viene a saldar una deuda con la Polic\u00eda\u201d, dijo durante una presentaci\u00f3n en la Casa de Gobierno provincial, en donde anunci\u00f3 asimismo que <strong>\u201cse triplicar\u00e1 a 120 pesos las denominadas horas Cores\u201d<\/strong>.<\/p>\n<p>Tambi\u00e9n adelant\u00f3 que <strong>el aporte para compra de uniformes pasar\u00e1 de 1.130 pesos a 5.000 pesos mensuales<\/strong>.<\/p>\n<p>Adem\u00e1s, el mandatario dijo que <strong>\u201cse pondr\u00e1 en marcha el instituto universitario Juan Vucetich<\/strong>, que permitir\u00e1 avanzar en la jerarquizaci\u00f3n de las fuerzas\u201d.<\/p>\n<p>Y anunci\u00f3 la \u201c<strong>incorporaci\u00f3n de dos hospitales como prestadores en exclusividad para la polic\u00eda<\/strong> de la provincia de Buenos Aires\u201d.<\/p>\n<p><img data-recalc-dims=\"1\" loading=\"lazy\" decoding=\"async\" class=\"aligncenter wp-image-1231\" src=\"https:\/\/i0.wp.com\/cdnoticias.com\/wp-content\/uploads\/2020\/09\/kici1.jpg?resize=450%2C253&#038;ssl=1\" alt=\"\" width=\"450\" height=\"253\" srcset=\"https:\/\/i0.wp.com\/cdnoticias.com\/wp-content\/uploads\/2020\/09\/kici1.jpg?resize=300%2C169&amp;ssl=1 300w, https:\/\/i0.wp.com\/cdnoticias.com\/wp-content\/uploads\/2020\/09\/kici1.jpg?resize=768%2C432&amp;ssl=1 768w, https:\/\/i0.wp.com\/cdnoticias.com\/wp-content\/uploads\/2020\/09\/kici1.jpg?w=1004&amp;ssl=1 1004w\" sizes=\"auto, (max-width: 450px) 100vw, 450px\" \/><\/p>\n<p><strong>Respuesta contundente<\/strong><\/p>\n<blockquote><p>\u201cSi esto es un reclamo salarial y de condiciones de trabajo, estamos dando una respuesta contundente e hist\u00f3rica, de fondo. En otro caso, vamos a comprender que es una cuesti\u00f3n pol\u00edtica y totalmente distinta\u201d, subray\u00f3.<\/p><\/blockquote>\n<p>Kicillof expres\u00f3 que <strong>deplora \u201clas manifestaciones policiales que trataron de sembrar un clima oscuro\u201d<\/strong> y dijo que \u201cla sociedad necesita que terminemos con esta situaci\u00f3n\u201d.<\/p>\n<p>Tambi\u00e9n reconoci\u00f3 que la Polic\u00eda de la provincia \u201csufre hace demasiado tiempo graves problemas estructurales como el salarial, la infraestructura, la formaci\u00f3n, entre otros\u201d.<\/p>\n<p><strong>\u201cHay insuficiencia de recursos en la provincia que aporta el 40 por ciento de los fondos coparticipables y recibe el 22\u201d<\/strong> inform\u00f3 el mandatario, y sostuvo que con el anuncio de ayer del presidente Alberto Fern\u00e1ndez de creaci\u00f3n de un Fondo de Fortalecimiento Financiero Fiscal de provincia de Buenos Aires \u201cse empieza el camino de recuperaci\u00f3n\u201d del distrito.<\/p>\n<p>Despu\u00e9s de tres d\u00edas consecutivos de protestas de agentes policiales, con reclamos que ayer llegaron, incluso, a la Quinta de Olivos, el presidente Alberto Fern\u00e1ndez anunci\u00f3 anoche la creaci\u00f3n de un Fondo de Fortalecimiento Financiero Fiscal para que la provincia de Buenos Aires haga frente a ese aumento salarial.<\/p>\n<p>Este fondo -cuya creaci\u00f3n qued\u00f3 oficializada hoy con su publicaci\u00f3n en el Bolet\u00edn Oficial- se financiar\u00e1 con el 1 por ciento de los recursos coparticipables adicionales que la Ciudad Aut\u00f3noma de Buenos Aires estaba recibiendo para cubrir los gastos del traspaso de la Polic\u00eda Federal, dispuesto en 2016 por el entonces presidente Mauricio Macri.<\/p>\n","protected":false},"excerpt":{"rendered":"<p>Retom\u00f3 la conferencia del Presidente de la Naci\u00f3n de la noche del mi\u00e9rcoles y subray\u00f3 el destino de los fondos<\/p>\n","protected":false},"author":4,"featured_media":1232,"comment_status":"closed","ping_status":"closed","sticky":false,"template":"","format":"standard","meta":{"_jetpack_memberships_contains_paid_content":false,"footnotes":""},"categories":[6,1],"tags":[],"class_list":["post-1230","post","type-post","status-publish","format-standard","has-post-thumbnail","hentry","category-nacionales","category-portada"],"jetpack_featured_media_url":"https:\/\/i0.wp.com\/cdnoticias.com\/wp-content\/uploads\/2020\/09\/kici.jpg?fit=1004%2C565&ssl=1","jetpack_sharing_enabled":true,"_links":{"self":[{"href":"https:\/\/cdnoticias.com\/index.php\/wp-json\/wp\/v2\/posts\/1230","targetHints":{"allow":["GET"]}}],"collection":[{"href":"https:\/\/cdnoticias.com\/index.php\/wp-json\/wp\/v2\/posts"}],"about":[{"href":"https:\/\/cdnoticias.com\/index.php\/wp-json\/wp\/v2\/types\/post"}],"author":[{"embeddable":true,"href":"https:\/\/cdnoticias.com\/index.php\/wp-json\/wp\/v2\/users\/4"}],"replies":[{"embeddable":true,"href":"https:\/\/cdnoticias.com\/index.php\/wp-json\/wp\/v2\/comments?post=1230"}],"version-history":[{"count":0,"href":"https:\/\/cdnoticias.com\/index.php\/wp-json\/wp\/v2\/posts\/1230\/revisions"}],"wp:featuredmedia":[{"embeddable":true,"href":"https:\/\/cdnoticias.com\/index.php\/wp-json\/wp\/v2\/media\/1232"}],"wp:attachment":[{"href":"https:\/\/cdnoticias.com\/index.php\/wp-json\/wp\/v2\/media?parent=1230"}],"wp:term":[{"taxonomy":"category","embeddable":true,"href":"https:\/\/cdnoticias.com\/index.php\/wp-json\/wp\/v2\/categories?post=1230"},{"taxonomy":"post_tag","embeddable":true,"href":"https:\/\/cdnoticias.com\/index.php\/wp-json\/wp\/v2\/tags?post=1230"}],"curies":[{"name":"wp","href":"https:\/\/api.w.org\/{rel}","templated":true}]}}