{"id":122990,"date":"2024-08-15T13:07:53","date_gmt":"2024-08-15T16:07:53","guid":{"rendered":"https:\/\/cdnoticias.com\/?p=122990"},"modified":"2024-08-15T13:07:55","modified_gmt":"2024-08-15T16:07:55","slug":"los-atraparon-mientras-robaban-una-cubierta-de-un-auto","status":"publish","type":"post","link":"https:\/\/cdnoticias.com\/index.php\/2024\/08\/15\/los-atraparon-mientras-robaban-una-cubierta-de-un-auto\/","title":{"rendered":"Los atraparon mientras robaban una cubierta de un auto"},"content":{"rendered":"<p>Fue en el centro de la ciudad. La maniobra fue advertida a trav\u00e9s del Centro de Monitoreo. Se busca dar con el propietario del veh\u00edculo.<!--more--><\/p>\n<hr \/>\n<p><strong>Dos hombres fueron atrapados<\/strong> este jueves mientras <strong>robaban una cubierta de un auto<\/strong> en el centro de la ciudad. La maniobra fue advertida a trav\u00e9s del <strong>Centro de Monitoreo<\/strong> y se busca dar con el propietario del veh\u00edculo.<\/p>\n<p><strong>Efectivos del Comando de Patrullas<\/strong> fueron convocados a trav\u00e9s del 911 a <strong>Dorrego y 25 de Mayo<\/strong> donde a trav\u00e9s de las c\u00e1maras de vigilancia se hab\u00eda advertido que <strong>dos hombres hab\u00edan retirado una cubierta del ba\u00fal de un Chevrolet Corsa<\/strong> que estaba estacionado.<\/p>\n<p>Los polic\u00edas dieron con los <strong>sospechosos, de 33 y 27 a\u00f1os, quienes fueron aprehendidos<\/strong>. Qued\u00f3 secuestrada una rueda completa rodado 13. No fue ubicado el due\u00f1o del auto.<\/p>\n<p>Los hombres fueron trasladados a la Comisar\u00eda Primera. Se iniciaron actuaciones por<strong> \u201caveriguaci\u00f3n presunto il\u00edcito\u201d<\/strong> con intervenci\u00f3n de la UFI N\u00ba 4.<\/p>\n","protected":false},"excerpt":{"rendered":"<p>Fue en el centro de la ciudad. La maniobra fue advertida a trav\u00e9s del Centro de Monitoreo. Se busca dar<\/p>\n","protected":false},"author":4,"featured_media":122991,"comment_status":"closed","ping_status":"closed","sticky":false,"template":"","format":"standard","meta":{"_jetpack_memberships_contains_paid_content":false,"footnotes":""},"categories":[14,1],"tags":[],"class_list":["post-122990","post","type-post","status-publish","format-standard","has-post-thumbnail","hentry","category-policiales","category-portada"],"jetpack_featured_media_url":"https:\/\/i0.wp.com\/cdnoticias.com\/wp-content\/uploads\/2024\/08\/25-de-mayo-y-dorrego-presunto-ilicito.jpg?fit=1000%2C556&ssl=1","jetpack_sharing_enabled":true,"_links":{"self":[{"href":"https:\/\/cdnoticias.com\/index.php\/wp-json\/wp\/v2\/posts\/122990","targetHints":{"allow":["GET"]}}],"collection":[{"href":"https:\/\/cdnoticias.com\/index.php\/wp-json\/wp\/v2\/posts"}],"about":[{"href":"https:\/\/cdnoticias.com\/index.php\/wp-json\/wp\/v2\/types\/post"}],"author":[{"embeddable":true,"href":"https:\/\/cdnoticias.com\/index.php\/wp-json\/wp\/v2\/users\/4"}],"replies":[{"embeddable":true,"href":"https:\/\/cdnoticias.com\/index.php\/wp-json\/wp\/v2\/comments?post=122990"}],"version-history":[{"count":0,"href":"https:\/\/cdnoticias.com\/index.php\/wp-json\/wp\/v2\/posts\/122990\/revisions"}],"wp:featuredmedia":[{"embeddable":true,"href":"https:\/\/cdnoticias.com\/index.php\/wp-json\/wp\/v2\/media\/122991"}],"wp:attachment":[{"href":"https:\/\/cdnoticias.com\/index.php\/wp-json\/wp\/v2\/media?parent=122990"}],"wp:term":[{"taxonomy":"category","embeddable":true,"href":"https:\/\/cdnoticias.com\/index.php\/wp-json\/wp\/v2\/categories?post=122990"},{"taxonomy":"post_tag","embeddable":true,"href":"https:\/\/cdnoticias.com\/index.php\/wp-json\/wp\/v2\/tags?post=122990"}],"curies":[{"name":"wp","href":"https:\/\/api.w.org\/{rel}","templated":true}]}}