{"id":122984,"date":"2024-08-15T12:20:51","date_gmt":"2024-08-15T15:20:51","guid":{"rendered":"https:\/\/cdnoticias.com\/?p=122984"},"modified":"2024-08-15T12:21:48","modified_gmt":"2024-08-15T15:21:48","slug":"el-ceco-recordo-los-alcances-del-proximo-feriado-nacional","status":"publish","type":"post","link":"https:\/\/cdnoticias.com\/index.php\/2024\/08\/15\/el-ceco-recordo-los-alcances-del-proximo-feriado-nacional\/","title":{"rendered":"El CECO record\u00f3 los alcances del pr\u00f3ximo feriado nacional"},"content":{"rendered":"\n<p>Ser\u00e1 el 17 de agosto al conmemorarse el Paso a la Inmortalidad del General San Mart\u00edn. Rigen normas del descanso dominical para los trabajadores. <\/p>\n\n\n\n<hr class=\"wp-block-separator has-alpha-channel-opacity\"\/>\n\n\n\n<p>El pr\u00f3ximo <strong>s\u00e1bado 17 de agosto ser\u00e1 feriado nacional <\/strong>por conmemorarse el Paso a la Inmortalidad del General Don Jos\u00e9 de San Mart\u00edn. En este d\u00eda rigen las normas del descanso dominical.<\/p>\n\n\n\n<p><\/p>\n\n\n\n<blockquote class=\"wp-block-quote is-layout-flow wp-block-quote-is-layout-flow\">\n<p>Desde el Centro Empleados de Comercio, recordaron que en los d\u00edas feriados nacionales rigen las normas legales sobre el descanso dominical, y aquellos trabajadores que realicen sus tareas cobrar\u00e1n las horas al doble y gozar\u00e1n de un franco compensatorio.<\/p>\n<\/blockquote>\n\n\n\n<p><\/p>\n\n\n\n<p>Asimismo, indicaron que por consultas sobre la liquidaci\u00f3n de los d\u00edas feriados, comunicarse con la secretaria de asuntos gremiales al 439300 interno 423 o acercarse a la sede gremial ubicada en C. Su\u00e1rez 2752, primer piso.<\/p>\n","protected":false},"excerpt":{"rendered":"<p>Ser\u00e1 el 17 de agosto al conmemorarse el Paso a la Inmortalidad del General San Mart\u00edn. Rigen normas del descanso<\/p>\n","protected":false},"author":2,"featured_media":122985,"comment_status":"closed","ping_status":"closed","sticky":false,"template":"","format":"standard","meta":{"_jetpack_memberships_contains_paid_content":false,"footnotes":""},"categories":[5,1],"tags":[],"class_list":["post-122984","post","type-post","status-publish","format-standard","has-post-thumbnail","hentry","category-informacion-general","category-portada"],"jetpack_featured_media_url":"https:\/\/i0.wp.com\/cdnoticias.com\/wp-content\/uploads\/2024\/08\/ceco-feriado-800x445-1.jpg?fit=800%2C445&ssl=1","jetpack_sharing_enabled":true,"_links":{"self":[{"href":"https:\/\/cdnoticias.com\/index.php\/wp-json\/wp\/v2\/posts\/122984","targetHints":{"allow":["GET"]}}],"collection":[{"href":"https:\/\/cdnoticias.com\/index.php\/wp-json\/wp\/v2\/posts"}],"about":[{"href":"https:\/\/cdnoticias.com\/index.php\/wp-json\/wp\/v2\/types\/post"}],"author":[{"embeddable":true,"href":"https:\/\/cdnoticias.com\/index.php\/wp-json\/wp\/v2\/users\/2"}],"replies":[{"embeddable":true,"href":"https:\/\/cdnoticias.com\/index.php\/wp-json\/wp\/v2\/comments?post=122984"}],"version-history":[{"count":0,"href":"https:\/\/cdnoticias.com\/index.php\/wp-json\/wp\/v2\/posts\/122984\/revisions"}],"wp:featuredmedia":[{"embeddable":true,"href":"https:\/\/cdnoticias.com\/index.php\/wp-json\/wp\/v2\/media\/122985"}],"wp:attachment":[{"href":"https:\/\/cdnoticias.com\/index.php\/wp-json\/wp\/v2\/media?parent=122984"}],"wp:term":[{"taxonomy":"category","embeddable":true,"href":"https:\/\/cdnoticias.com\/index.php\/wp-json\/wp\/v2\/categories?post=122984"},{"taxonomy":"post_tag","embeddable":true,"href":"https:\/\/cdnoticias.com\/index.php\/wp-json\/wp\/v2\/tags?post=122984"}],"curies":[{"name":"wp","href":"https:\/\/api.w.org\/{rel}","templated":true}]}}