{"id":122968,"date":"2024-08-15T20:19:31","date_gmt":"2024-08-15T23:19:31","guid":{"rendered":"https:\/\/cdnoticias.com\/?p=122968"},"modified":"2024-08-16T09:48:03","modified_gmt":"2024-08-16T12:48:03","slug":"el-ejecutivo-propuso-cambios-en-la-ordenanza-del-programa-tuvi","status":"publish","type":"post","link":"https:\/\/cdnoticias.com\/index.php\/2024\/08\/15\/el-ejecutivo-propuso-cambios-en-la-ordenanza-del-programa-tuvi\/","title":{"rendered":"El Ejecutivo propuso cambios en la ordenanza del Programa TUVI"},"content":{"rendered":"<p>Los cambios apuntan al plazo de inicio de pago y las variables que fijan el valor de la vivienda. Los concejales invitar\u00e1n al secretario de Obras P\u00fablicas, Orfel Fari\u00f1a, a explicar el proyecto.<!--more--><\/p>\n<hr \/>\n<p>En la <a href=\"https:\/\/cdnoticias.com\/index.php\/2024\/08\/08\/hcd-se-aprobaron-pedidos-de-obras-viales-y-de-luminarias\/\" target=\"_blank\" rel=\"noopener\">\u00faltima sesi\u00f3n del Concejo Deliberante<\/a> se dio ingreso a <strong>un proyecto del Ejecutivo municipal<\/strong> para <strong>modificar la ordenanza que establece el Programa Municipal de Vivienda TUVI<\/strong>.<\/p>\n<p>&nbsp;<\/p>\n<blockquote><p>Los cambios apuntan al plazo de inicio de pago y las variables que fijan el valor de las casas. <strong>Central de Noticias<\/strong> accedi\u00f3 al proyecto de reforma que ya comenz\u00f3 a ser estudiado por las comisiones legislativas. En ese marco se adelant\u00f3 que los concejales invitar\u00e1n al secretario municipal de Obras P\u00fablicas, Orfel Fari\u00f1a, a explicar la iniciativa.<\/p><\/blockquote>\n<p>&nbsp;<\/p>\n<p>La intenci\u00f3n del Ejecutivo es que <strong>las modificaciones, si son aprobadas, tengan aplicaci\u00f3n para los actuales adjudicatarios<\/strong> del programa.<\/p>\n<p>&nbsp;<\/p>\n<h3>El proyecto<\/h3>\n<p>&nbsp;<\/p>\n<p>En concreto, la propuesta de modificaci\u00f3n es para <strong>dos art\u00edculos<\/strong> de la ordenanza 4.583\/20.<\/p>\n<p>&nbsp;<\/p>\n<p>En el<strong> art\u00edculo 5\u00ba<\/strong> del apartado \u201cValor de la vivienda\u201d se propuso <strong>eliminar la determinaci\u00f3n de que \u201cel valor total se dividir\u00e1 en cuotas iguales, mensuales y consecutivas a abonar por el adjudicatario\u201d<\/strong>. En tanto, <em>se mantiene la forma de c\u00e1lculo de la casa<\/em>: el precio asignado al terreno sumado al costo de construcci\u00f3n que fija la Secretar\u00eda de Obras P\u00fablicas. En la modificaci\u00f3n se agrega que <strong>este segundo valor \u201cpodr\u00e1 ser modificado por el Departamento Ejecutivo municipal por razones debidamente justificadas\u201d.<\/strong><\/p>\n<p>&nbsp;<\/p>\n<p>El <strong>segundo art\u00edculo para el que se impulsan cambios es el<\/strong> <strong>9\u00ba<\/strong> que forma parte del t\u00edtulo \u201cForma e instrumentaci\u00f3n del pago\u201d. En ese art\u00edculo se establece que <em>\u201cse notificar\u00e1 a los adjudicatarios el plazo en que deber\u00e1n realizar el pago por el anticipo que correspondiera al valor final de la vivienda. A partir de la entrega de la posesi\u00f3n de la vivienda el titular comenzar\u00e1 con el pago de las cuotas restantes\u201d<\/em>.<\/p>\n<p>&nbsp;<\/p>\n<p>El cambio propuesto es el <strong>agregado<\/strong> de una frase que habilita <strong>modificar el inicio<\/strong> de los abonos: <strong>\u201cel Departamento Ejecutivo podr\u00e1 prorrogar el comienzo de la obligatoriedad del pago por razones debidamente justificadas\u201d<\/strong>.<\/p>\n<p>&nbsp;<\/p>\n","protected":false},"excerpt":{"rendered":"<p>Los cambios apuntan al plazo de inicio de pago y las variables que fijan el valor de la vivienda. Los<\/p>\n","protected":false},"author":4,"featured_media":86705,"comment_status":"closed","ping_status":"closed","sticky":false,"template":"","format":"standard","meta":{"_jetpack_memberships_contains_paid_content":false,"footnotes":""},"categories":[4,1],"tags":[],"class_list":["post-122968","post","type-post","status-publish","format-standard","has-post-thumbnail","hentry","category-politica","category-portada"],"jetpack_featured_media_url":"https:\/\/i0.wp.com\/cdnoticias.com\/wp-content\/uploads\/2023\/06\/tuvi-industrializadas-tancredi-02.jpg?fit=800%2C445&ssl=1","jetpack_sharing_enabled":true,"_links":{"self":[{"href":"https:\/\/cdnoticias.com\/index.php\/wp-json\/wp\/v2\/posts\/122968","targetHints":{"allow":["GET"]}}],"collection":[{"href":"https:\/\/cdnoticias.com\/index.php\/wp-json\/wp\/v2\/posts"}],"about":[{"href":"https:\/\/cdnoticias.com\/index.php\/wp-json\/wp\/v2\/types\/post"}],"author":[{"embeddable":true,"href":"https:\/\/cdnoticias.com\/index.php\/wp-json\/wp\/v2\/users\/4"}],"replies":[{"embeddable":true,"href":"https:\/\/cdnoticias.com\/index.php\/wp-json\/wp\/v2\/comments?post=122968"}],"version-history":[{"count":0,"href":"https:\/\/cdnoticias.com\/index.php\/wp-json\/wp\/v2\/posts\/122968\/revisions"}],"wp:featuredmedia":[{"embeddable":true,"href":"https:\/\/cdnoticias.com\/index.php\/wp-json\/wp\/v2\/media\/86705"}],"wp:attachment":[{"href":"https:\/\/cdnoticias.com\/index.php\/wp-json\/wp\/v2\/media?parent=122968"}],"wp:term":[{"taxonomy":"category","embeddable":true,"href":"https:\/\/cdnoticias.com\/index.php\/wp-json\/wp\/v2\/categories?post=122968"},{"taxonomy":"post_tag","embeddable":true,"href":"https:\/\/cdnoticias.com\/index.php\/wp-json\/wp\/v2\/tags?post=122968"}],"curies":[{"name":"wp","href":"https:\/\/api.w.org\/{rel}","templated":true}]}}