{"id":122949,"date":"2024-08-14T20:47:48","date_gmt":"2024-08-14T23:47:48","guid":{"rendered":"https:\/\/cdnoticias.com\/?p=122949"},"modified":"2024-08-15T10:03:00","modified_gmt":"2024-08-15T13:03:00","slug":"un-motociclista-resulto-herido-en-un-accidente-y-fue-trasladado-al-hospital","status":"publish","type":"post","link":"https:\/\/cdnoticias.com\/index.php\/2024\/08\/14\/un-motociclista-resulto-herido-en-un-accidente-y-fue-trasladado-al-hospital\/","title":{"rendered":"Un motociclista result\u00f3 herido en un accidente y fue trasladado al Hospital"},"content":{"rendered":"\n<p>Fue este mi\u00e9rcoles tras el choque con un auto en la intersecci\u00f3n de \u00c1lvaro Barros y C\u00f3rdoba.<\/p>\n\n\n\n<hr class=\"wp-block-separator has-alpha-channel-opacity\"\/>\n\n\n\n<p>Este mi\u00e9rcoles <strong>un motociclista de 27 a\u00f1os result\u00f3 herido producto de la colisi\u00f3n con un auto Chevrolet Vectra conducido por un hombre de 37 a\u00f1os<\/strong>, en la intersecci\u00f3n de <strong>\u00c1lvaro Barros y C\u00f3rdoba.<\/strong><\/p>\n\n\n\n<p><\/p>\n\n\n\n<p>El joven conduc\u00eda una moto Honda modelo Twister y producto del impacto <strong>perdi\u00f3 el control y qued\u00f3 tendido en el suelo.<\/strong><\/p>\n\n\n\n<p><\/p>\n\n\n\n<p>Fue trasladado al Hospital Municipal \u201cDr. H\u00e9ctor Cura\u201d con una<strong> lesi\u00f3n en la pierna izquierda.<\/strong><\/p>\n\n\n\n<p><\/p>\n\n\n\n<p>Personal policial se hizo presente en el lugar. Interviene en la causa por <strong>\u201clesiones culposas\u201d la UFI N\u00b0 4.<\/strong><\/p>\n","protected":false},"excerpt":{"rendered":"<p>Fue este mi\u00e9rcoles tras el choque con un auto en la intersecci\u00f3n de \u00c1lvaro Barros y C\u00f3rdoba. Este mi\u00e9rcoles un<\/p>\n","protected":false},"author":2,"featured_media":122950,"comment_status":"closed","ping_status":"closed","sticky":false,"template":"","format":"standard","meta":{"_jetpack_memberships_contains_paid_content":false,"footnotes":""},"categories":[14,1],"tags":[],"class_list":["post-122949","post","type-post","status-publish","format-standard","has-post-thumbnail","hentry","category-policiales","category-portada"],"jetpack_featured_media_url":"https:\/\/i0.wp.com\/cdnoticias.com\/wp-content\/uploads\/2024\/08\/accidente-moto-auto.jpg?fit=800%2C445&ssl=1","jetpack_sharing_enabled":true,"_links":{"self":[{"href":"https:\/\/cdnoticias.com\/index.php\/wp-json\/wp\/v2\/posts\/122949","targetHints":{"allow":["GET"]}}],"collection":[{"href":"https:\/\/cdnoticias.com\/index.php\/wp-json\/wp\/v2\/posts"}],"about":[{"href":"https:\/\/cdnoticias.com\/index.php\/wp-json\/wp\/v2\/types\/post"}],"author":[{"embeddable":true,"href":"https:\/\/cdnoticias.com\/index.php\/wp-json\/wp\/v2\/users\/2"}],"replies":[{"embeddable":true,"href":"https:\/\/cdnoticias.com\/index.php\/wp-json\/wp\/v2\/comments?post=122949"}],"version-history":[{"count":0,"href":"https:\/\/cdnoticias.com\/index.php\/wp-json\/wp\/v2\/posts\/122949\/revisions"}],"wp:featuredmedia":[{"embeddable":true,"href":"https:\/\/cdnoticias.com\/index.php\/wp-json\/wp\/v2\/media\/122950"}],"wp:attachment":[{"href":"https:\/\/cdnoticias.com\/index.php\/wp-json\/wp\/v2\/media?parent=122949"}],"wp:term":[{"taxonomy":"category","embeddable":true,"href":"https:\/\/cdnoticias.com\/index.php\/wp-json\/wp\/v2\/categories?post=122949"},{"taxonomy":"post_tag","embeddable":true,"href":"https:\/\/cdnoticias.com\/index.php\/wp-json\/wp\/v2\/tags?post=122949"}],"curies":[{"name":"wp","href":"https:\/\/api.w.org\/{rel}","templated":true}]}}